{"id":24455,"date":"2022-02-19T09:48:12","date_gmt":"2022-02-19T09:48:12","guid":{"rendered":"https:\/\/blogdorogeriogomes.com.br\/?p=24455"},"modified":"2022-02-21T13:27:17","modified_gmt":"2022-02-21T13:27:17","slug":"bombeiros-do-ceara-viajam-a-petropolis-para-ajudar-no-resgate-de-vitimas-das-chuvas-no-rj","status":"publish","type":"post","link":"https:\/\/blogdorogeriogomes.com.br\/noticias\/2022\/02\/bombeiros-do-ceara-viajam-a-petropolis-para-ajudar-no-resgate-de-vitimas-das-chuvas-no-rj\/","title":{"rendered":"Bombeiros do Cear\u00e1 viajam a Petr\u00f3polis para ajudar no resgate de v\u00edtimas das chuvas no RJ"},"content":{"rendered":"\n<p>Bombeiros do Cear\u00e1 seguiram viagem para Petr\u00f3polis, no Rio de Janeiro, nesta sexta-feira, dia 18 de fevereiro, na miss\u00e3o de ajudar nas buscas \u00e0s v\u00edtimas das enchentes. Al\u00e9m de seis militares, tr\u00eas c\u00e3es farejadores tamb\u00e9m atuar\u00e3o nas buscas. O Governo do Cear\u00e1 enviou, ainda, equipamentos de alta gera\u00e7\u00e3o para capta\u00e7\u00e3o de sons debaixo dos escombros e uma c\u00e2mera 360\u00ba. <\/p>\n\n\n\n<p>At\u00e9 o momento, 136 \u00f3bitos j\u00e1 foram confirmados em raz\u00e3o das chuvas em Petr\u00f3polis, na regi\u00e3o serrana do Rio de Janeiro. Segundo a Defesa Civil de Petr\u00f3polis, h\u00e1 pelo menos 218 pessoas desaparecidas.<\/p>\n\n\n\n<p>As buscas por sobreviventes ainda acontecem em meio a chuvas que s\u00e3o registradas na regi\u00e3o.<\/p>\n\n\n\n<figure class=\"wp-block-image size-large\"><img loading=\"lazy\" decoding=\"async\" width=\"720\" height=\"960\" src=\"https:\/\/blogdorogeriogomes.com.br\/wp-content\/uploads\/2022\/02\/IMG-20220219-WA0008.jpg\" alt=\"\" class=\"wp-image-24456\" srcset=\"https:\/\/blogdorogeriogomes.com.br\/noticias\/wp-content\/uploads\/2022\/02\/IMG-20220219-WA0008.jpg 720w, https:\/\/blogdorogeriogomes.com.br\/noticias\/wp-content\/uploads\/2022\/02\/IMG-20220219-WA0008-225x300.jpg 225w\" sizes=\"auto, (max-width: 720px) 100vw, 720px\" \/><\/figure>\n","protected":false},"excerpt":{"rendered":"<p>Bombeiros do Cear\u00e1 seguiram viagem para Petr\u00f3polis, no Rio de Janeiro, nesta sexta-feira, dia 18 de fevereiro, na miss\u00e3o de ajudar nas buscas \u00e0s v\u00edtimas das enchentes. Al\u00e9m de seis militares, tr\u00eas c\u00e3es farejadores tamb\u00e9m atuar\u00e3o nas buscas. O Governo do Cear\u00e1 enviou, ainda, equipamentos de alta gera\u00e7\u00e3o para capta\u00e7\u00e3o de sons debaixo dos escombros e uma c\u00e2mera 360\u00ba. At\u00e9 o momento, 136 \u00f3bitos j\u00e1 foram confirmados em raz\u00e3o das chuvas em Petr\u00f3polis, na regi\u00e3o serrana do Rio de&hellip;<\/p>\n","protected":false},"author":1,"featured_media":24456,"comment_status":"open","ping_status":"open","sticky":false,"template":"","format":"standard","meta":{"footnotes":""},"categories":[1],"tags":[],"class_list":["post-24455","post","type-post","status-publish","format-standard","has-post-thumbnail","hentry","category-noticias"],"_links":{"self":[{"href":"https:\/\/blogdorogeriogomes.com.br\/noticias\/wp-json\/wp\/v2\/posts\/24455","targetHints":{"allow":["GET"]}}],"collection":[{"href":"https:\/\/blogdorogeriogomes.com.br\/noticias\/wp-json\/wp\/v2\/posts"}],"about":[{"href":"https:\/\/blogdorogeriogomes.com.br\/noticias\/wp-json\/wp\/v2\/types\/post"}],"author":[{"embeddable":true,"href":"https:\/\/blogdorogeriogomes.com.br\/noticias\/wp-json\/wp\/v2\/users\/1"}],"replies":[{"embeddable":true,"href":"https:\/\/blogdorogeriogomes.com.br\/noticias\/wp-json\/wp\/v2\/comments?post=24455"}],"version-history":[{"count":1,"href":"https:\/\/blogdorogeriogomes.com.br\/noticias\/wp-json\/wp\/v2\/posts\/24455\/revisions"}],"predecessor-version":[{"id":24457,"href":"https:\/\/blogdorogeriogomes.com.br\/noticias\/wp-json\/wp\/v2\/posts\/24455\/revisions\/24457"}],"wp:featuredmedia":[{"embeddable":true,"href":"https:\/\/blogdorogeriogomes.com.br\/noticias\/wp-json\/wp\/v2\/media\/24456"}],"wp:attachment":[{"href":"https:\/\/blogdorogeriogomes.com.br\/noticias\/wp-json\/wp\/v2\/media?parent=24455"}],"wp:term":[{"taxonomy":"category","embeddable":true,"href":"https:\/\/blogdorogeriogomes.com.br\/noticias\/wp-json\/wp\/v2\/categories?post=24455"},{"taxonomy":"post_tag","embeddable":true,"href":"https:\/\/blogdorogeriogomes.com.br\/noticias\/wp-json\/wp\/v2\/tags?post=24455"}],"curies":[{"name":"wp","href":"https:\/\/api.w.org\/{rel}","templated":true}]}}