{"id":24473,"date":"2022-02-21T22:09:06","date_gmt":"2022-02-21T22:09:06","guid":{"rendered":"https:\/\/blogdorogeriogomes.com.br\/?p=24473"},"modified":"2022-02-24T18:08:44","modified_gmt":"2022-02-24T18:08:44","slug":"em-encontro-com-luizianne-lins-izolda-cela-reforca-a-necessidade-de-manter-alianca-estadual-entre-pt-e-pdt","status":"publish","type":"post","link":"https:\/\/blogdorogeriogomes.com.br\/noticias\/2022\/02\/em-encontro-com-luizianne-lins-izolda-cela-reforca-a-necessidade-de-manter-alianca-estadual-entre-pt-e-pdt\/","title":{"rendered":"Em encontro com Luizianne Lins, Izolda Cela refor\u00e7a a necessidade de manter alian\u00e7a estadual entre PT e PDT"},"content":{"rendered":"\n<p>A busca pela manuten\u00e7\u00e3o da alian\u00e7a estadual entre PT e PDT para fazer frente a uma candidatura de oposi\u00e7\u00e3o representada por Capit\u00e3o Wagner no Cear\u00e1 foi o principal argumento da vice-governadora Izolda Cela (PDT) em reuni\u00e3o, nesta segunda-feira, dia 21 de fevereiro, com a deputada federal Luizianne Lins (PT). Tem partido do grupo da ex-prefeita de Fortaleza a resist\u00eancia de ter uma candidatura ao Governo do Estado encabe\u00e7ada pelo PDT. Luizianne defende que o PT deveria ter candidatura pr\u00f3pria.<\/p>\n\n\n\n<p>A principal resist\u00eancia de Luizianne Lins \u00e9 com nomes mais ligados aos irm\u00e3os Ciro e Cid Gomes, como s\u00e3o os casos do ex-prefeito de Fortaleza, Roberto Cl\u00e1udio, e o deputado federal Mauro Filho.<\/p>\n\n\n\n<p>Entre outros pedetistas cotados para concorrer est\u00e3o a pr\u00f3pria vice-governadora Izolda Cela e o presidente da Assembleia Legislativa, Evandro Leit\u00e3o.<\/p>\n\n\n\n<p>Izolda e Luizianne se reuniram por pouco mais de uma hora no gabinete da vice-governadora. Ela destacou ainda a import\u00e2ncia de se manter uma unidade para a disputa nacional contra a tentativa de reelei\u00e7\u00e3o do presidente Jair Bolsonaro.<\/p>\n\n\n\n<figure class=\"wp-block-image size-large\"><img loading=\"lazy\" decoding=\"async\" width=\"818\" height=\"459\" src=\"https:\/\/blogdorogeriogomes.com.br\/wp-content\/uploads\/2022\/02\/1_luizianne_izolda_foto_opovo-18154000.jpg\" alt=\"\" class=\"wp-image-24474\" srcset=\"https:\/\/blogdorogeriogomes.com.br\/noticias\/wp-content\/uploads\/2022\/02\/1_luizianne_izolda_foto_opovo-18154000.jpg 818w, https:\/\/blogdorogeriogomes.com.br\/noticias\/wp-content\/uploads\/2022\/02\/1_luizianne_izolda_foto_opovo-18154000-300x168.jpg 300w, https:\/\/blogdorogeriogomes.com.br\/noticias\/wp-content\/uploads\/2022\/02\/1_luizianne_izolda_foto_opovo-18154000-768x431.jpg 768w, https:\/\/blogdorogeriogomes.com.br\/noticias\/wp-content\/uploads\/2022\/02\/1_luizianne_izolda_foto_opovo-18154000-800x449.jpg 800w\" sizes=\"auto, (max-width: 818px) 100vw, 818px\" \/><\/figure>\n","protected":false},"excerpt":{"rendered":"<p>A busca pela manuten\u00e7\u00e3o da alian\u00e7a estadual entre PT e PDT para fazer frente a uma candidatura de oposi\u00e7\u00e3o representada por Capit\u00e3o Wagner no Cear\u00e1 foi o principal argumento da vice-governadora Izolda Cela (PDT) em reuni\u00e3o, nesta segunda-feira, dia 21 de fevereiro, com a deputada federal Luizianne Lins (PT). Tem partido do grupo da ex-prefeita de Fortaleza a resist\u00eancia de ter uma candidatura ao Governo do Estado encabe\u00e7ada pelo PDT. Luizianne defende que o PT deveria ter candidatura pr\u00f3pria.&hellip;<\/p>\n","protected":false},"author":1,"featured_media":24474,"comment_status":"open","ping_status":"open","sticky":false,"template":"","format":"standard","meta":{"footnotes":""},"categories":[1],"tags":[],"class_list":["post-24473","post","type-post","status-publish","format-standard","has-post-thumbnail","hentry","category-noticias"],"_links":{"self":[{"href":"https:\/\/blogdorogeriogomes.com.br\/noticias\/wp-json\/wp\/v2\/posts\/24473","targetHints":{"allow":["GET"]}}],"collection":[{"href":"https:\/\/blogdorogeriogomes.com.br\/noticias\/wp-json\/wp\/v2\/posts"}],"about":[{"href":"https:\/\/blogdorogeriogomes.com.br\/noticias\/wp-json\/wp\/v2\/types\/post"}],"author":[{"embeddable":true,"href":"https:\/\/blogdorogeriogomes.com.br\/noticias\/wp-json\/wp\/v2\/users\/1"}],"replies":[{"embeddable":true,"href":"https:\/\/blogdorogeriogomes.com.br\/noticias\/wp-json\/wp\/v2\/comments?post=24473"}],"version-history":[{"count":1,"href":"https:\/\/blogdorogeriogomes.com.br\/noticias\/wp-json\/wp\/v2\/posts\/24473\/revisions"}],"predecessor-version":[{"id":24475,"href":"https:\/\/blogdorogeriogomes.com.br\/noticias\/wp-json\/wp\/v2\/posts\/24473\/revisions\/24475"}],"wp:featuredmedia":[{"embeddable":true,"href":"https:\/\/blogdorogeriogomes.com.br\/noticias\/wp-json\/wp\/v2\/media\/24474"}],"wp:attachment":[{"href":"https:\/\/blogdorogeriogomes.com.br\/noticias\/wp-json\/wp\/v2\/media?parent=24473"}],"wp:term":[{"taxonomy":"category","embeddable":true,"href":"https:\/\/blogdorogeriogomes.com.br\/noticias\/wp-json\/wp\/v2\/categories?post=24473"},{"taxonomy":"post_tag","embeddable":true,"href":"https:\/\/blogdorogeriogomes.com.br\/noticias\/wp-json\/wp\/v2\/tags?post=24473"}],"curies":[{"name":"wp","href":"https:\/\/api.w.org\/{rel}","templated":true}]}}