{"id":24476,"date":"2022-02-22T10:58:25","date_gmt":"2022-02-22T10:58:25","guid":{"rendered":"https:\/\/blogdorogeriogomes.com.br\/?p=24476"},"modified":"2022-02-24T18:08:29","modified_gmt":"2022-02-24T18:08:29","slug":"ciro-gomes-parte-para-o-ataque-contra-oposicao-no-ceara-para-desarrumar-o-ceara-basta-eleger-um-governador-comprometido-com-a-milicia","status":"publish","type":"post","link":"https:\/\/blogdorogeriogomes.com.br\/noticias\/2022\/02\/ciro-gomes-parte-para-o-ataque-contra-oposicao-no-ceara-para-desarrumar-o-ceara-basta-eleger-um-governador-comprometido-com-a-milicia\/","title":{"rendered":"Ciro Gomes parte para o ataque contra oposi\u00e7\u00e3o no Cear\u00e1: &#8220;para desarrumar o Cear\u00e1, basta eleger um governador comprometido com a mil\u00edcia&#8221;"},"content":{"rendered":"\n<p>O ex-ministro Ciro Gomes, pr\u00e9 candidato \u00e0 Presid\u00eancia da Rep\u00fablica pelo PDT, participou nesta segunda-feira, dia 21 de fevereiro, de um evento promovido pelo Lide Cear\u00e1, no Hotel Gran Marquise, onde falou sobre o Brasil a empres\u00e1rios locais. Mas Ciro n\u00e3o perdeu a oportunidade de cutucar a oposi\u00e7\u00e3o no Cear\u00e1 que busca concorrer na disputa pelo Governo do Estado.<\/p>\n\n\n\n<p>Sem citar diretamente o pr\u00e9 candidato de oposi\u00e7\u00e3o Capit\u00e3o Wagner, que est\u00e1 se filiando ao Uni\u00e3o Brasil, Ciro Gomes disparou: &#8220;para desarrumar isso aqui \u00e9 ligeiro demais, \u00e9 s\u00f3 botar a\u00ed um estagi\u00e1rio comprometido com mil\u00edcia policial, com banditismo etc, etc, para voc\u00ea ver que em seis meses o Cear\u00e1 vai virar o que a maioria dos estados hoje \u00e9: il\u00edquido e atrasado&#8221;.<\/p>\n\n\n\n<p>Ciro ressaltou ainda que a situa\u00e7\u00e3o da seguran\u00e7a p\u00fablica no Cear\u00e1 foi agravada pelo motim da PM em 2020, mas que o cen\u00e1rio est\u00e1 mudando. &#8220;Um partido pol\u00edtico de fac\u00ednoras se alojou na PM. Felizmente boa parte deles j\u00e1 foi expulso da pol\u00edcia&#8221;, destacou o pedetista.<br><\/p>\n\n\n\n<figure class=\"wp-block-image size-large\"><img loading=\"lazy\" decoding=\"async\" width=\"648\" height=\"473\" src=\"https:\/\/blogdorogeriogomes.com.br\/wp-content\/uploads\/2022\/02\/images-25.jpeg\" alt=\"\" class=\"wp-image-24477\" srcset=\"https:\/\/blogdorogeriogomes.com.br\/noticias\/wp-content\/uploads\/2022\/02\/images-25.jpeg 648w, https:\/\/blogdorogeriogomes.com.br\/noticias\/wp-content\/uploads\/2022\/02\/images-25-300x219.jpeg 300w\" sizes=\"auto, (max-width: 648px) 100vw, 648px\" \/><\/figure>\n\n\n\n<p><br><br><\/p>\n\n\n\n<p><br><\/p>\n","protected":false},"excerpt":{"rendered":"<p>O ex-ministro Ciro Gomes, pr\u00e9 candidato \u00e0 Presid\u00eancia da Rep\u00fablica pelo PDT, participou nesta segunda-feira, dia 21 de fevereiro, de um evento promovido pelo Lide Cear\u00e1, no Hotel Gran Marquise, onde falou sobre o Brasil a empres\u00e1rios locais. Mas Ciro n\u00e3o perdeu a oportunidade de cutucar a oposi\u00e7\u00e3o no Cear\u00e1 que busca concorrer na disputa pelo Governo do Estado. Sem citar diretamente o pr\u00e9 candidato de oposi\u00e7\u00e3o Capit\u00e3o Wagner, que est\u00e1 se filiando ao Uni\u00e3o Brasil, Ciro Gomes disparou:&hellip;<\/p>\n","protected":false},"author":1,"featured_media":24477,"comment_status":"open","ping_status":"open","sticky":false,"template":"","format":"standard","meta":{"footnotes":""},"categories":[1],"tags":[],"class_list":["post-24476","post","type-post","status-publish","format-standard","has-post-thumbnail","hentry","category-noticias"],"_links":{"self":[{"href":"https:\/\/blogdorogeriogomes.com.br\/noticias\/wp-json\/wp\/v2\/posts\/24476","targetHints":{"allow":["GET"]}}],"collection":[{"href":"https:\/\/blogdorogeriogomes.com.br\/noticias\/wp-json\/wp\/v2\/posts"}],"about":[{"href":"https:\/\/blogdorogeriogomes.com.br\/noticias\/wp-json\/wp\/v2\/types\/post"}],"author":[{"embeddable":true,"href":"https:\/\/blogdorogeriogomes.com.br\/noticias\/wp-json\/wp\/v2\/users\/1"}],"replies":[{"embeddable":true,"href":"https:\/\/blogdorogeriogomes.com.br\/noticias\/wp-json\/wp\/v2\/comments?post=24476"}],"version-history":[{"count":1,"href":"https:\/\/blogdorogeriogomes.com.br\/noticias\/wp-json\/wp\/v2\/posts\/24476\/revisions"}],"predecessor-version":[{"id":24478,"href":"https:\/\/blogdorogeriogomes.com.br\/noticias\/wp-json\/wp\/v2\/posts\/24476\/revisions\/24478"}],"wp:featuredmedia":[{"embeddable":true,"href":"https:\/\/blogdorogeriogomes.com.br\/noticias\/wp-json\/wp\/v2\/media\/24477"}],"wp:attachment":[{"href":"https:\/\/blogdorogeriogomes.com.br\/noticias\/wp-json\/wp\/v2\/media?parent=24476"}],"wp:term":[{"taxonomy":"category","embeddable":true,"href":"https:\/\/blogdorogeriogomes.com.br\/noticias\/wp-json\/wp\/v2\/categories?post=24476"},{"taxonomy":"post_tag","embeddable":true,"href":"https:\/\/blogdorogeriogomes.com.br\/noticias\/wp-json\/wp\/v2\/tags?post=24476"}],"curies":[{"name":"wp","href":"https:\/\/api.w.org\/{rel}","templated":true}]}}