{"id":24485,"date":"2022-02-22T23:31:27","date_gmt":"2022-02-22T23:31:27","guid":{"rendered":"https:\/\/blogdorogeriogomes.com.br\/?p=24485"},"modified":"2022-02-24T18:07:49","modified_gmt":"2022-02-24T18:07:49","slug":"edson-fachin-e-alexandre-de-moraes-tomam-posse-no-comando-do-tse-bolsonaro-decidiu-faltar-a-solenidade","status":"publish","type":"post","link":"https:\/\/blogdorogeriogomes.com.br\/noticias\/2022\/02\/edson-fachin-e-alexandre-de-moraes-tomam-posse-no-comando-do-tse-bolsonaro-decidiu-faltar-a-solenidade\/","title":{"rendered":"Edson Fachin e Alexandre de Moraes tomam posse no comando do TSE. Bolsonaro decidiu faltar \u00e0 solenidade"},"content":{"rendered":"\n<p>Os ministros Edson Fachin e Alexandre de Moraes, do STF, tomaram posse nesta ter\u00e7a-feira, dia 22 de fevereiro, como presidente e vice-presidente do Tribunal Superior Eleitoral (TSE). Edson Fachin substitui Lu\u00eds Roberto Barroso e exercer\u00e1 a fun\u00e7\u00e3o at\u00e9 agosto, quando terminar\u00e1 seu per\u00edodo de dois anos no TSE. Ent\u00e3o, Alexandre de Moraes assumir\u00e1 o comando do tribunal e ser\u00e1 o respons\u00e1vel por conduzir as elei\u00e7\u00f5es deste ano, em que ser\u00e3o eleitos presidente da Rep\u00fablica, governadores, senadores, deputados federais e estaduais.<\/p>\n\n\n\n<p>O presidente Jair Bolsonaro, que recentemente retomou ataques \u00e0s urnas eletr\u00f4nicas e a ministros do STF, foi convidado para a cerim\u00f4nia e n\u00e3o quis participar. A aus\u00eancia de Bolsonaro revela que o clima entre o presidente e o TSE n\u00e3o \u00e9 dos melhores. At\u00e9 \u00e0s elei\u00e7\u00f5es, os embates com a Justi\u00e7a Eleitoral devem se intensificar.<\/p>\n\n\n\n<figure class=\"wp-block-image size-large\"><img loading=\"lazy\" decoding=\"async\" width=\"739\" height=\"415\" src=\"https:\/\/blogdorogeriogomes.com.br\/wp-content\/uploads\/2022\/02\/images-27.jpeg\" alt=\"\" class=\"wp-image-24486\" srcset=\"https:\/\/blogdorogeriogomes.com.br\/noticias\/wp-content\/uploads\/2022\/02\/images-27.jpeg 739w, https:\/\/blogdorogeriogomes.com.br\/noticias\/wp-content\/uploads\/2022\/02\/images-27-300x168.jpeg 300w\" sizes=\"auto, (max-width: 739px) 100vw, 739px\" \/><\/figure>\n","protected":false},"excerpt":{"rendered":"<p>Os ministros Edson Fachin e Alexandre de Moraes, do STF, tomaram posse nesta ter\u00e7a-feira, dia 22 de fevereiro, como presidente e vice-presidente do Tribunal Superior Eleitoral (TSE). Edson Fachin substitui Lu\u00eds Roberto Barroso e exercer\u00e1 a fun\u00e7\u00e3o at\u00e9 agosto, quando terminar\u00e1 seu per\u00edodo de dois anos no TSE. Ent\u00e3o, Alexandre de Moraes assumir\u00e1 o comando do tribunal e ser\u00e1 o respons\u00e1vel por conduzir as elei\u00e7\u00f5es deste ano, em que ser\u00e3o eleitos presidente da Rep\u00fablica, governadores, senadores, deputados federais e&hellip;<\/p>\n","protected":false},"author":1,"featured_media":24486,"comment_status":"open","ping_status":"open","sticky":false,"template":"","format":"standard","meta":{"footnotes":""},"categories":[1],"tags":[],"class_list":["post-24485","post","type-post","status-publish","format-standard","has-post-thumbnail","hentry","category-noticias"],"_links":{"self":[{"href":"https:\/\/blogdorogeriogomes.com.br\/noticias\/wp-json\/wp\/v2\/posts\/24485","targetHints":{"allow":["GET"]}}],"collection":[{"href":"https:\/\/blogdorogeriogomes.com.br\/noticias\/wp-json\/wp\/v2\/posts"}],"about":[{"href":"https:\/\/blogdorogeriogomes.com.br\/noticias\/wp-json\/wp\/v2\/types\/post"}],"author":[{"embeddable":true,"href":"https:\/\/blogdorogeriogomes.com.br\/noticias\/wp-json\/wp\/v2\/users\/1"}],"replies":[{"embeddable":true,"href":"https:\/\/blogdorogeriogomes.com.br\/noticias\/wp-json\/wp\/v2\/comments?post=24485"}],"version-history":[{"count":1,"href":"https:\/\/blogdorogeriogomes.com.br\/noticias\/wp-json\/wp\/v2\/posts\/24485\/revisions"}],"predecessor-version":[{"id":24487,"href":"https:\/\/blogdorogeriogomes.com.br\/noticias\/wp-json\/wp\/v2\/posts\/24485\/revisions\/24487"}],"wp:featuredmedia":[{"embeddable":true,"href":"https:\/\/blogdorogeriogomes.com.br\/noticias\/wp-json\/wp\/v2\/media\/24486"}],"wp:attachment":[{"href":"https:\/\/blogdorogeriogomes.com.br\/noticias\/wp-json\/wp\/v2\/media?parent=24485"}],"wp:term":[{"taxonomy":"category","embeddable":true,"href":"https:\/\/blogdorogeriogomes.com.br\/noticias\/wp-json\/wp\/v2\/categories?post=24485"},{"taxonomy":"post_tag","embeddable":true,"href":"https:\/\/blogdorogeriogomes.com.br\/noticias\/wp-json\/wp\/v2\/tags?post=24485"}],"curies":[{"name":"wp","href":"https:\/\/api.w.org\/{rel}","templated":true}]}}