{"id":24488,"date":"2022-02-23T10:09:50","date_gmt":"2022-02-23T10:09:50","guid":{"rendered":"https:\/\/blogdorogeriogomes.com.br\/?p=24488"},"modified":"2022-02-24T18:07:32","modified_gmt":"2022-02-24T18:07:32","slug":"enel-recua-e-nao-vai-cobrar-uso-de-postes-aos-provedores-de-internet-em-marco-reajuste-sera-gradual","status":"publish","type":"post","link":"https:\/\/blogdorogeriogomes.com.br\/noticias\/2022\/02\/enel-recua-e-nao-vai-cobrar-uso-de-postes-aos-provedores-de-internet-em-marco-reajuste-sera-gradual\/","title":{"rendered":"Enel recua e n\u00e3o vai cobrar uso de postes aos provedores de internet em mar\u00e7o. Reajuste ser\u00e1 gradual"},"content":{"rendered":"\n<p>Com intermedia\u00e7\u00e3o de deputados estaduais na Assembleia Legislativa, a Enel Distribui\u00e7\u00e3o Cear\u00e1 decidiu n\u00e3o cobrar pelo uso dos postes de energia el\u00e9trica aos provedores de internet neste m\u00eas de mar\u00e7o. A taxa que hoje \u00e9 cobrada por at\u00e9 R$ 12 por poste subir\u00e1 mais de seis vezes, passando de R$ 70 por poste. Esta semana, empres\u00e1rios e trabalhadores de provedores de internet do Cear\u00e1 protestaram contra o reajuste.<\/p>\n\n\n\n<p>A Enel diz que nenhuma cobran\u00e7a indevida ou de uma nova taxa est\u00e1 sendo realizada, mas a empresa passar\u00e1 a fazer a cobran\u00e7a dos equipamentos de telecomunica\u00e7\u00e3o instalados nas infraestruturas da distribuidora. Ser\u00e1 criado um grupo de trabalho e a cobran\u00e7a vai avan\u00e7ar \u00e0 medida que o censo dos equipamentos realizado pela companhia avance.<\/p>\n\n\n\n<figure class=\"wp-block-image size-large\"><img loading=\"lazy\" decoding=\"async\" width=\"597\" height=\"336\" src=\"https:\/\/blogdorogeriogomes.com.br\/wp-content\/uploads\/2022\/02\/images-28.jpeg\" alt=\"\" class=\"wp-image-24489\" srcset=\"https:\/\/blogdorogeriogomes.com.br\/noticias\/wp-content\/uploads\/2022\/02\/images-28.jpeg 597w, https:\/\/blogdorogeriogomes.com.br\/noticias\/wp-content\/uploads\/2022\/02\/images-28-300x169.jpeg 300w\" sizes=\"auto, (max-width: 597px) 100vw, 597px\" \/><\/figure>\n","protected":false},"excerpt":{"rendered":"<p>Com intermedia\u00e7\u00e3o de deputados estaduais na Assembleia Legislativa, a Enel Distribui\u00e7\u00e3o Cear\u00e1 decidiu n\u00e3o cobrar pelo uso dos postes de energia el\u00e9trica aos provedores de internet neste m\u00eas de mar\u00e7o. A taxa que hoje \u00e9 cobrada por at\u00e9 R$ 12 por poste subir\u00e1 mais de seis vezes, passando de R$ 70 por poste. Esta semana, empres\u00e1rios e trabalhadores de provedores de internet do Cear\u00e1 protestaram contra o reajuste. A Enel diz que nenhuma cobran\u00e7a indevida ou de uma nova&hellip;<\/p>\n","protected":false},"author":1,"featured_media":24489,"comment_status":"open","ping_status":"open","sticky":false,"template":"","format":"standard","meta":{"footnotes":""},"categories":[1],"tags":[],"class_list":["post-24488","post","type-post","status-publish","format-standard","has-post-thumbnail","hentry","category-noticias"],"_links":{"self":[{"href":"https:\/\/blogdorogeriogomes.com.br\/noticias\/wp-json\/wp\/v2\/posts\/24488","targetHints":{"allow":["GET"]}}],"collection":[{"href":"https:\/\/blogdorogeriogomes.com.br\/noticias\/wp-json\/wp\/v2\/posts"}],"about":[{"href":"https:\/\/blogdorogeriogomes.com.br\/noticias\/wp-json\/wp\/v2\/types\/post"}],"author":[{"embeddable":true,"href":"https:\/\/blogdorogeriogomes.com.br\/noticias\/wp-json\/wp\/v2\/users\/1"}],"replies":[{"embeddable":true,"href":"https:\/\/blogdorogeriogomes.com.br\/noticias\/wp-json\/wp\/v2\/comments?post=24488"}],"version-history":[{"count":1,"href":"https:\/\/blogdorogeriogomes.com.br\/noticias\/wp-json\/wp\/v2\/posts\/24488\/revisions"}],"predecessor-version":[{"id":24490,"href":"https:\/\/blogdorogeriogomes.com.br\/noticias\/wp-json\/wp\/v2\/posts\/24488\/revisions\/24490"}],"wp:featuredmedia":[{"embeddable":true,"href":"https:\/\/blogdorogeriogomes.com.br\/noticias\/wp-json\/wp\/v2\/media\/24489"}],"wp:attachment":[{"href":"https:\/\/blogdorogeriogomes.com.br\/noticias\/wp-json\/wp\/v2\/media?parent=24488"}],"wp:term":[{"taxonomy":"category","embeddable":true,"href":"https:\/\/blogdorogeriogomes.com.br\/noticias\/wp-json\/wp\/v2\/categories?post=24488"},{"taxonomy":"post_tag","embeddable":true,"href":"https:\/\/blogdorogeriogomes.com.br\/noticias\/wp-json\/wp\/v2\/tags?post=24488"}],"curies":[{"name":"wp","href":"https:\/\/api.w.org\/{rel}","templated":true}]}}