{"id":24491,"date":"2022-02-23T10:29:11","date_gmt":"2022-02-23T10:29:11","guid":{"rendered":"https:\/\/blogdorogeriogomes.com.br\/?p=24491"},"modified":"2022-02-24T18:07:23","modified_gmt":"2022-02-24T18:07:23","slug":"governo-envia-reajuste-dos-professores-para-assembleia-em-fortaleza-aumento-ja-foi-sancionado-pela-prefeitura","status":"publish","type":"post","link":"https:\/\/blogdorogeriogomes.com.br\/noticias\/2022\/02\/governo-envia-reajuste-dos-professores-para-assembleia-em-fortaleza-aumento-ja-foi-sancionado-pela-prefeitura\/","title":{"rendered":"Governo envia reajuste dos professores para Assembleia. Em Fortaleza, aumento j\u00e1 foi sancionado pela Prefeitura"},"content":{"rendered":"\n<p>Governo do Cear\u00e1 e Prefeitura de Fortaleza d\u00e3o encaminhamentos para confirmar o reajuste dos professores no patamar de 33% como ficou definido no piso nacional da categoria. O governador Camilo Santana (PT) enviou para a Assembleia Legislativa o projeto de Lei do Poder Executivo que autoriza o aumento de 33,34% do piso salarial dos profissionais de educa\u00e7\u00e3o do Cear\u00e1. Cerca de 51 mil servidores da \u00e1rea dever\u00e3o ser beneficiados.<\/p>\n\n\n\n<p>Em Fortaleza, o prefeito Jos\u00e9 Sarto j\u00e1 sancionou a Lei aprovada pela C\u00e2mara Municipal de Fortaleza que estabelece o novo piso nacional do Magist\u00e9rio. Sarto tamb\u00e9m encaminhou para o Legislativo Municipal uma proposta de pei que institui o Programa de Interc\u00e2mbio Internacional \u201cProfessores sem Fronteiras\u201d. O projeto vai ofertar a 200 docentes da rede municipal a oportunidade de experimentar viv\u00eancias educacionais e culturais em outros pa\u00edses, com a concess\u00e3o de bolsa e aux\u00edlio para custeio de despesas.<\/p>\n\n\n\n<figure class=\"wp-block-image size-large\"><img loading=\"lazy\" decoding=\"async\" width=\"710\" height=\"432\" src=\"https:\/\/blogdorogeriogomes.com.br\/wp-content\/uploads\/2022\/02\/images-29.jpeg\" alt=\"\" class=\"wp-image-24492\" srcset=\"https:\/\/blogdorogeriogomes.com.br\/noticias\/wp-content\/uploads\/2022\/02\/images-29.jpeg 710w, https:\/\/blogdorogeriogomes.com.br\/noticias\/wp-content\/uploads\/2022\/02\/images-29-300x183.jpeg 300w\" sizes=\"auto, (max-width: 710px) 100vw, 710px\" \/><\/figure>\n","protected":false},"excerpt":{"rendered":"<p>Governo do Cear\u00e1 e Prefeitura de Fortaleza d\u00e3o encaminhamentos para confirmar o reajuste dos professores no patamar de 33% como ficou definido no piso nacional da categoria. O governador Camilo Santana (PT) enviou para a Assembleia Legislativa o projeto de Lei do Poder Executivo que autoriza o aumento de 33,34% do piso salarial dos profissionais de educa\u00e7\u00e3o do Cear\u00e1. Cerca de 51 mil servidores da \u00e1rea dever\u00e3o ser beneficiados. Em Fortaleza, o prefeito Jos\u00e9 Sarto j\u00e1 sancionou a Lei&hellip;<\/p>\n","protected":false},"author":1,"featured_media":24492,"comment_status":"open","ping_status":"open","sticky":false,"template":"","format":"standard","meta":{"footnotes":""},"categories":[1],"tags":[],"class_list":["post-24491","post","type-post","status-publish","format-standard","has-post-thumbnail","hentry","category-noticias"],"_links":{"self":[{"href":"https:\/\/blogdorogeriogomes.com.br\/noticias\/wp-json\/wp\/v2\/posts\/24491","targetHints":{"allow":["GET"]}}],"collection":[{"href":"https:\/\/blogdorogeriogomes.com.br\/noticias\/wp-json\/wp\/v2\/posts"}],"about":[{"href":"https:\/\/blogdorogeriogomes.com.br\/noticias\/wp-json\/wp\/v2\/types\/post"}],"author":[{"embeddable":true,"href":"https:\/\/blogdorogeriogomes.com.br\/noticias\/wp-json\/wp\/v2\/users\/1"}],"replies":[{"embeddable":true,"href":"https:\/\/blogdorogeriogomes.com.br\/noticias\/wp-json\/wp\/v2\/comments?post=24491"}],"version-history":[{"count":1,"href":"https:\/\/blogdorogeriogomes.com.br\/noticias\/wp-json\/wp\/v2\/posts\/24491\/revisions"}],"predecessor-version":[{"id":24493,"href":"https:\/\/blogdorogeriogomes.com.br\/noticias\/wp-json\/wp\/v2\/posts\/24491\/revisions\/24493"}],"wp:featuredmedia":[{"embeddable":true,"href":"https:\/\/blogdorogeriogomes.com.br\/noticias\/wp-json\/wp\/v2\/media\/24492"}],"wp:attachment":[{"href":"https:\/\/blogdorogeriogomes.com.br\/noticias\/wp-json\/wp\/v2\/media?parent=24491"}],"wp:term":[{"taxonomy":"category","embeddable":true,"href":"https:\/\/blogdorogeriogomes.com.br\/noticias\/wp-json\/wp\/v2\/categories?post=24491"},{"taxonomy":"post_tag","embeddable":true,"href":"https:\/\/blogdorogeriogomes.com.br\/noticias\/wp-json\/wp\/v2\/tags?post=24491"}],"curies":[{"name":"wp","href":"https:\/\/api.w.org\/{rel}","templated":true}]}}