{"id":24494,"date":"2022-02-23T20:39:26","date_gmt":"2022-02-23T20:39:26","guid":{"rendered":"https:\/\/blogdorogeriogomes.com.br\/?p=24494"},"modified":"2022-02-24T18:07:01","modified_gmt":"2022-02-24T18:07:01","slug":"trecho-1-do-cinturao-das-aguas-e-entregue-na-regiao-do-cariri","status":"publish","type":"post","link":"https:\/\/blogdorogeriogomes.com.br\/noticias\/2022\/02\/trecho-1-do-cinturao-das-aguas-e-entregue-na-regiao-do-cariri\/","title":{"rendered":"Trecho 1 do Cintur\u00e3o das \u00c1guas \u00e9 entregue na regi\u00e3o do Cariri"},"content":{"rendered":"\n<p>Os tr\u00eas primeiros lotes do trecho 1 do Cintur\u00e3o das \u00c1guas do Cear\u00e1 (CAC) foi entregue nesta quarta-feira, dia 23 de fevereiro, pelo Governo do Cear\u00e1. Ligando a Barragem de Jati at\u00e9 o munic\u00edpio de Barbalha, o canal tem 75km de extens\u00e3o.<\/p>\n\n\n\n<p>O trecho inaugurado recebe o nome do deputado Jos\u00e9 Wellington Landim. Quando o Cintur\u00e3o das \u00c1guas estiver totalmente conclu\u00eddo, ser\u00e3o 145 km de canais com a fun\u00e7\u00e3o de levar a \u00e1gua da barragem Jati, situada no Eixo Norte do Projeto de Integra\u00e7\u00e3o do Rio S\u00e3o Francisco, na regi\u00e3o hidrogr\u00e1fica do Rio Salgado, at\u00e9 as nascentes do Rio Cari\u00fas, no munic\u00edpio de Nova Olinda. O investimento do trecho inaugurado \u00e9 de cerca de R$ 1,1 bilh\u00e3o com recursos do Governo Federal e do Tesouro Estadual.<\/p>\n\n\n\n<p>O governador Camilo Santana fez a entrega da obra, acompanhado da vice-governadora Izolda Cela, do presidente da Assembleia Legislativa, Evandro Leit\u00e3o, do secret\u00e1rio dos Recursos H\u00eddricos, Francisco Teixeira, al\u00e9m de prefeitos da regi\u00e3o do Cariri. &#8220;Somado ao Projeto de integra\u00e7\u00e3o de bacias do Rio S\u00e3o Francisco, o Cintur\u00e3o das \u00c1guas do Cear\u00e1 \u00e9 a garantia de seguran\u00e7a h\u00eddrica, principalmente para os munic\u00edpios cearenses que mais sofrem com os efeitos da seca&#8221;, destacou o governador.<\/p>\n\n\n\n<figure class=\"wp-block-image size-large\"><img loading=\"lazy\" decoding=\"async\" width=\"1024\" height=\"576\" src=\"https:\/\/blogdorogeriogomes.com.br\/wp-content\/uploads\/2022\/02\/IMG-20220223-WA0124-1024x576.jpg\" alt=\"\" class=\"wp-image-24495\" srcset=\"https:\/\/blogdorogeriogomes.com.br\/noticias\/wp-content\/uploads\/2022\/02\/IMG-20220223-WA0124-1024x576.jpg 1024w, https:\/\/blogdorogeriogomes.com.br\/noticias\/wp-content\/uploads\/2022\/02\/IMG-20220223-WA0124-300x169.jpg 300w, https:\/\/blogdorogeriogomes.com.br\/noticias\/wp-content\/uploads\/2022\/02\/IMG-20220223-WA0124-768x432.jpg 768w, https:\/\/blogdorogeriogomes.com.br\/noticias\/wp-content\/uploads\/2022\/02\/IMG-20220223-WA0124-800x450.jpg 800w, https:\/\/blogdorogeriogomes.com.br\/noticias\/wp-content\/uploads\/2022\/02\/IMG-20220223-WA0124.jpg 1080w\" sizes=\"auto, (max-width: 1024px) 100vw, 1024px\" \/><\/figure>\n\n\n\n<p><\/p>\n","protected":false},"excerpt":{"rendered":"<p>Os tr\u00eas primeiros lotes do trecho 1 do Cintur\u00e3o das \u00c1guas do Cear\u00e1 (CAC) foi entregue nesta quarta-feira, dia 23 de fevereiro, pelo Governo do Cear\u00e1. Ligando a Barragem de Jati at\u00e9 o munic\u00edpio de Barbalha, o canal tem 75km de extens\u00e3o. O trecho inaugurado recebe o nome do deputado Jos\u00e9 Wellington Landim. Quando o Cintur\u00e3o das \u00c1guas estiver totalmente conclu\u00eddo, ser\u00e3o 145 km de canais com a fun\u00e7\u00e3o de levar a \u00e1gua da barragem Jati, situada no Eixo&hellip;<\/p>\n","protected":false},"author":1,"featured_media":24495,"comment_status":"open","ping_status":"open","sticky":false,"template":"","format":"standard","meta":{"footnotes":""},"categories":[1],"tags":[],"class_list":["post-24494","post","type-post","status-publish","format-standard","has-post-thumbnail","hentry","category-noticias"],"_links":{"self":[{"href":"https:\/\/blogdorogeriogomes.com.br\/noticias\/wp-json\/wp\/v2\/posts\/24494","targetHints":{"allow":["GET"]}}],"collection":[{"href":"https:\/\/blogdorogeriogomes.com.br\/noticias\/wp-json\/wp\/v2\/posts"}],"about":[{"href":"https:\/\/blogdorogeriogomes.com.br\/noticias\/wp-json\/wp\/v2\/types\/post"}],"author":[{"embeddable":true,"href":"https:\/\/blogdorogeriogomes.com.br\/noticias\/wp-json\/wp\/v2\/users\/1"}],"replies":[{"embeddable":true,"href":"https:\/\/blogdorogeriogomes.com.br\/noticias\/wp-json\/wp\/v2\/comments?post=24494"}],"version-history":[{"count":1,"href":"https:\/\/blogdorogeriogomes.com.br\/noticias\/wp-json\/wp\/v2\/posts\/24494\/revisions"}],"predecessor-version":[{"id":24496,"href":"https:\/\/blogdorogeriogomes.com.br\/noticias\/wp-json\/wp\/v2\/posts\/24494\/revisions\/24496"}],"wp:featuredmedia":[{"embeddable":true,"href":"https:\/\/blogdorogeriogomes.com.br\/noticias\/wp-json\/wp\/v2\/media\/24495"}],"wp:attachment":[{"href":"https:\/\/blogdorogeriogomes.com.br\/noticias\/wp-json\/wp\/v2\/media?parent=24494"}],"wp:term":[{"taxonomy":"category","embeddable":true,"href":"https:\/\/blogdorogeriogomes.com.br\/noticias\/wp-json\/wp\/v2\/categories?post=24494"},{"taxonomy":"post_tag","embeddable":true,"href":"https:\/\/blogdorogeriogomes.com.br\/noticias\/wp-json\/wp\/v2\/tags?post=24494"}],"curies":[{"name":"wp","href":"https:\/\/api.w.org\/{rel}","templated":true}]}}