{"id":24497,"date":"2022-02-23T23:18:41","date_gmt":"2022-02-23T23:18:41","guid":{"rendered":"https:\/\/blogdorogeriogomes.com.br\/?p=24497"},"modified":"2022-02-24T18:06:54","modified_gmt":"2022-02-24T18:06:54","slug":"disputa-pelo-comando-da-fecomercio-promete-disputa-acirrada-em-abril","status":"publish","type":"post","link":"https:\/\/blogdorogeriogomes.com.br\/noticias\/2022\/02\/disputa-pelo-comando-da-fecomercio-promete-disputa-acirrada-em-abril\/","title":{"rendered":"Disputa pelo comando da Fecomercio promete disputa acirrada em abril"},"content":{"rendered":"\n<p>As elei\u00e7\u00f5es para a escolha do comando da Federa\u00e7\u00e3o do Com\u00e9rcio de Bens, Servi\u00e7os e Turismo do Estado do Cear\u00e1 (Fecom\u00e9rcio) est\u00e3o marcadas para 5 de abril. E a disputa pela presid\u00eancia da entidade promete acirramento. Dois candidatos j\u00e1 confirmaram que est\u00e3o na disputa: o atual presidente Luiz Gast\u00e3o Bittencourt da Silva e o atual vice-presidente da Fecom\u00e9rcio, Maur\u00edcio Cavalcante Filizola, que encabe\u00e7a a outra chapa.<\/p>\n\n\n\n<p>Os dois candidatos buscam apoio para as elei\u00e7\u00f5es. Ser\u00e1 a primeira vez nos 75 anos da Fecom\u00e9rcio que haver\u00e1 disputa entre duas chapas.<\/p>\n\n\n\n<p>Luiz Gast\u00e3o encabe\u00e7a a chapa &#8220;Uni\u00e3o e Gest\u00e3o: A Fecom\u00e9rcio que nos representa\u201d. Maur\u00edcio Filizola \u00e9 um dos l\u00edderes do setor varejista de produtos farmac\u00eauticos no Cear\u00e1. Ele encabe\u00e7a a chapa &#8220;Renova\u00e7\u00e3o e Liberta\u00e7\u00e3o\u201d.<\/p>\n\n\n\n<p>A Fecom\u00e9rcio no Cear\u00e1 re\u00fane 34 sindicados filiados das mais diversas categorias econ\u00f4micas do Com\u00e9rcio de Bens, Servi\u00e7os e Turismo e movimenta uma receita anual de cerca de R$ 400 milh\u00f5es de reais.<\/p>\n\n\n\n<figure class=\"wp-block-image size-large\"><img loading=\"lazy\" decoding=\"async\" width=\"678\" height=\"452\" src=\"https:\/\/blogdorogeriogomes.com.br\/wp-content\/uploads\/2022\/02\/images-30.jpeg\" alt=\"\" class=\"wp-image-24498\" srcset=\"https:\/\/blogdorogeriogomes.com.br\/noticias\/wp-content\/uploads\/2022\/02\/images-30.jpeg 678w, https:\/\/blogdorogeriogomes.com.br\/noticias\/wp-content\/uploads\/2022\/02\/images-30-300x200.jpeg 300w\" sizes=\"auto, (max-width: 678px) 100vw, 678px\" \/><\/figure>\n","protected":false},"excerpt":{"rendered":"<p>As elei\u00e7\u00f5es para a escolha do comando da Federa\u00e7\u00e3o do Com\u00e9rcio de Bens, Servi\u00e7os e Turismo do Estado do Cear\u00e1 (Fecom\u00e9rcio) est\u00e3o marcadas para 5 de abril. E a disputa pela presid\u00eancia da entidade promete acirramento. Dois candidatos j\u00e1 confirmaram que est\u00e3o na disputa: o atual presidente Luiz Gast\u00e3o Bittencourt da Silva e o atual vice-presidente da Fecom\u00e9rcio, Maur\u00edcio Cavalcante Filizola, que encabe\u00e7a a outra chapa. Os dois candidatos buscam apoio para as elei\u00e7\u00f5es. Ser\u00e1 a primeira vez nos&hellip;<\/p>\n","protected":false},"author":1,"featured_media":24498,"comment_status":"open","ping_status":"open","sticky":false,"template":"","format":"standard","meta":{"footnotes":""},"categories":[1],"tags":[],"class_list":["post-24497","post","type-post","status-publish","format-standard","has-post-thumbnail","hentry","category-noticias"],"_links":{"self":[{"href":"https:\/\/blogdorogeriogomes.com.br\/noticias\/wp-json\/wp\/v2\/posts\/24497","targetHints":{"allow":["GET"]}}],"collection":[{"href":"https:\/\/blogdorogeriogomes.com.br\/noticias\/wp-json\/wp\/v2\/posts"}],"about":[{"href":"https:\/\/blogdorogeriogomes.com.br\/noticias\/wp-json\/wp\/v2\/types\/post"}],"author":[{"embeddable":true,"href":"https:\/\/blogdorogeriogomes.com.br\/noticias\/wp-json\/wp\/v2\/users\/1"}],"replies":[{"embeddable":true,"href":"https:\/\/blogdorogeriogomes.com.br\/noticias\/wp-json\/wp\/v2\/comments?post=24497"}],"version-history":[{"count":1,"href":"https:\/\/blogdorogeriogomes.com.br\/noticias\/wp-json\/wp\/v2\/posts\/24497\/revisions"}],"predecessor-version":[{"id":24499,"href":"https:\/\/blogdorogeriogomes.com.br\/noticias\/wp-json\/wp\/v2\/posts\/24497\/revisions\/24499"}],"wp:featuredmedia":[{"embeddable":true,"href":"https:\/\/blogdorogeriogomes.com.br\/noticias\/wp-json\/wp\/v2\/media\/24498"}],"wp:attachment":[{"href":"https:\/\/blogdorogeriogomes.com.br\/noticias\/wp-json\/wp\/v2\/media?parent=24497"}],"wp:term":[{"taxonomy":"category","embeddable":true,"href":"https:\/\/blogdorogeriogomes.com.br\/noticias\/wp-json\/wp\/v2\/categories?post=24497"},{"taxonomy":"post_tag","embeddable":true,"href":"https:\/\/blogdorogeriogomes.com.br\/noticias\/wp-json\/wp\/v2\/tags?post=24497"}],"curies":[{"name":"wp","href":"https:\/\/api.w.org\/{rel}","templated":true}]}}