{"id":24508,"date":"2022-02-24T23:09:38","date_gmt":"2022-02-24T23:09:38","guid":{"rendered":"https:\/\/blogdorogeriogomes.com.br\/?p=24508"},"modified":"2022-02-25T10:18:40","modified_gmt":"2022-02-25T10:18:40","slug":"setor-de-turismo-deve-ter-numeros-positivos-em-fortaleza-durante-o-periodo-de-carnaval","status":"publish","type":"post","link":"https:\/\/blogdorogeriogomes.com.br\/noticias\/2022\/02\/setor-de-turismo-deve-ter-numeros-positivos-em-fortaleza-durante-o-periodo-de-carnaval\/","title":{"rendered":"Setor de turismo deve ter n\u00fameros positivos em Fortaleza durante o per\u00edodo de Carnaval"},"content":{"rendered":"\n<p>Apesar de n\u00e3o ter carnaval de rua este ano, o setor de hoteis em Fortaleza est\u00e1 otimista. A ocupa\u00e7\u00e3o hoteleira deve ficar na faixa de 75%, um n\u00famero bem superior aos 45% registrados no per\u00edodo carnavalesco do ano passado, quando a pandemia da Covid-19 tinha restri\u00e7\u00f5es ainda mais severas.<\/p>\n\n\n\n<p>No Aeroporto de Fortaleza, a expectativa \u00e9 de uma movimenta\u00e7\u00e3o di\u00e1ria, em m\u00e9dia, de 14 mil passageiros entre sexta-feira, dia 25 de fevereiro, e a Quarta-feira de Cinzas, dia 2 de mar\u00e7o.<\/p>\n\n\n\n<p>Durante os quatro dias de Carnaval n\u00e3o haver\u00e1 festas nas ruas, mas est\u00e3o permitidas festas privadas seguindo os protocolos sanit\u00e1rios (m\u00e1scaras e passaporte de vacina) com at\u00e9 250 pessoas em ambientes fechados e 500 pessoas em ambientes abertos. <\/p>\n\n\n\n<p>Bares, restaurantes e barracas de praia montaram suas programa\u00e7\u00f5es para o per\u00edodo. N\u00e3o haver\u00e1 ponto facultativo no servi\u00e7o p\u00fablico e com\u00e9rcio e ind\u00fastria funcionar\u00e3o normalmente.<\/p>\n\n\n\n<figure class=\"wp-block-image size-large\"><img loading=\"lazy\" decoding=\"async\" width=\"1000\" height=\"750\" src=\"https:\/\/blogdorogeriogomes.com.br\/wp-content\/uploads\/2022\/02\/Morar-em-Fortaleza-Praia-de-Iracema.jpg\" alt=\"\" class=\"wp-image-24509\" srcset=\"https:\/\/blogdorogeriogomes.com.br\/noticias\/wp-content\/uploads\/2022\/02\/Morar-em-Fortaleza-Praia-de-Iracema.jpg 1000w, https:\/\/blogdorogeriogomes.com.br\/noticias\/wp-content\/uploads\/2022\/02\/Morar-em-Fortaleza-Praia-de-Iracema-300x225.jpg 300w, https:\/\/blogdorogeriogomes.com.br\/noticias\/wp-content\/uploads\/2022\/02\/Morar-em-Fortaleza-Praia-de-Iracema-768x576.jpg 768w, https:\/\/blogdorogeriogomes.com.br\/noticias\/wp-content\/uploads\/2022\/02\/Morar-em-Fortaleza-Praia-de-Iracema-800x600.jpg 800w, https:\/\/blogdorogeriogomes.com.br\/noticias\/wp-content\/uploads\/2022\/02\/Morar-em-Fortaleza-Praia-de-Iracema-400x300.jpg 400w\" sizes=\"auto, (max-width: 1000px) 100vw, 1000px\" \/><\/figure>\n\n\n\n<p><\/p>\n","protected":false},"excerpt":{"rendered":"<p>Apesar de n\u00e3o ter carnaval de rua este ano, o setor de hoteis em Fortaleza est\u00e1 otimista. A ocupa\u00e7\u00e3o hoteleira deve ficar na faixa de 75%, um n\u00famero bem superior aos 45% registrados no per\u00edodo carnavalesco do ano passado, quando a pandemia da Covid-19 tinha restri\u00e7\u00f5es ainda mais severas. No Aeroporto de Fortaleza, a expectativa \u00e9 de uma movimenta\u00e7\u00e3o di\u00e1ria, em m\u00e9dia, de 14 mil passageiros entre sexta-feira, dia 25 de fevereiro, e a Quarta-feira de Cinzas, dia 2&hellip;<\/p>\n","protected":false},"author":1,"featured_media":24509,"comment_status":"open","ping_status":"open","sticky":false,"template":"","format":"standard","meta":{"footnotes":""},"categories":[1],"tags":[],"class_list":["post-24508","post","type-post","status-publish","format-standard","has-post-thumbnail","hentry","category-noticias"],"_links":{"self":[{"href":"https:\/\/blogdorogeriogomes.com.br\/noticias\/wp-json\/wp\/v2\/posts\/24508","targetHints":{"allow":["GET"]}}],"collection":[{"href":"https:\/\/blogdorogeriogomes.com.br\/noticias\/wp-json\/wp\/v2\/posts"}],"about":[{"href":"https:\/\/blogdorogeriogomes.com.br\/noticias\/wp-json\/wp\/v2\/types\/post"}],"author":[{"embeddable":true,"href":"https:\/\/blogdorogeriogomes.com.br\/noticias\/wp-json\/wp\/v2\/users\/1"}],"replies":[{"embeddable":true,"href":"https:\/\/blogdorogeriogomes.com.br\/noticias\/wp-json\/wp\/v2\/comments?post=24508"}],"version-history":[{"count":1,"href":"https:\/\/blogdorogeriogomes.com.br\/noticias\/wp-json\/wp\/v2\/posts\/24508\/revisions"}],"predecessor-version":[{"id":24510,"href":"https:\/\/blogdorogeriogomes.com.br\/noticias\/wp-json\/wp\/v2\/posts\/24508\/revisions\/24510"}],"wp:featuredmedia":[{"embeddable":true,"href":"https:\/\/blogdorogeriogomes.com.br\/noticias\/wp-json\/wp\/v2\/media\/24509"}],"wp:attachment":[{"href":"https:\/\/blogdorogeriogomes.com.br\/noticias\/wp-json\/wp\/v2\/media?parent=24508"}],"wp:term":[{"taxonomy":"category","embeddable":true,"href":"https:\/\/blogdorogeriogomes.com.br\/noticias\/wp-json\/wp\/v2\/categories?post=24508"},{"taxonomy":"post_tag","embeddable":true,"href":"https:\/\/blogdorogeriogomes.com.br\/noticias\/wp-json\/wp\/v2\/tags?post=24508"}],"curies":[{"name":"wp","href":"https:\/\/api.w.org\/{rel}","templated":true}]}}