{"id":24514,"date":"2022-02-25T10:39:26","date_gmt":"2022-02-25T10:39:26","guid":{"rendered":"https:\/\/blogdorogeriogomes.com.br\/?p=24514"},"modified":"2022-03-02T12:48:03","modified_gmt":"2022-03-02T12:48:03","slug":"declaracao-do-imposto-de-renda-2022-comeca-no-proximo-dia-7-de-marco","status":"publish","type":"post","link":"https:\/\/blogdorogeriogomes.com.br\/noticias\/2022\/02\/declaracao-do-imposto-de-renda-2022-comeca-no-proximo-dia-7-de-marco\/","title":{"rendered":"Declara\u00e7\u00e3o do Imposto de Renda 2022 come\u00e7a no pr\u00f3ximo dia 7 de mar\u00e7o"},"content":{"rendered":"\n<p>O per\u00edodo para a entrega da&nbsp;declara\u00e7\u00e3o do Imposto de Renda&nbsp;Pessoa F\u00edsica 2022 (IRPF 2022) inicia no pr\u00f3ximo dia 7 de mar\u00e7o e segue at\u00e9 29 de abril. Durante esse per\u00edodo, a Receita Federal espera receber cerca de 750 mil declara\u00e7\u00f5es de contribuintes cearenses.<\/p>\n\n\n\n<p>Em todo o Brasil, o n\u00famero deve chegar a 34,1 milh\u00f5es de declara\u00e7\u00f5es. O n\u00famero \u00e9 pouco menor que o alcan\u00e7ado em 2021 (34,16 milh\u00f5es) e superior ao registrado em 2020 (31,98 milh\u00f5es).<\/p>\n\n\n\n<p>Deve declarar quem teve rendimentos tribut\u00e1veis acima de R$ 28.559,70; rendimentos isentos, n\u00e3o tribut\u00e1veis ou tributados exclusivamente na fonte acima de R$ 40 mil.<\/p>\n\n\n\n<p>A Receita Federal tamb\u00e9m divulgou as datas para os&nbsp;lotes de restitui\u00e7\u00e3o.<\/p>\n\n\n\n<ul class=\"wp-block-list\"><li>1\u00ba lote: 31 de maio<\/li><li>2\u00ba lote: 30 de junho<\/li><li>3\u00ba lote: 29 de julho<\/li><li>4\u00ba lote: 31 de agosto<\/li><li>5\u00ba lote: 30 de setembro<\/li><\/ul>\n\n\n\n<figure class=\"wp-block-image size-large\"><img loading=\"lazy\" decoding=\"async\" width=\"1024\" height=\"576\" src=\"https:\/\/blogdorogeriogomes.com.br\/wp-content\/uploads\/2022\/02\/imposto-renda-1024x576.jpg\" alt=\"\" class=\"wp-image-24515\" srcset=\"https:\/\/blogdorogeriogomes.com.br\/noticias\/wp-content\/uploads\/2022\/02\/imposto-renda-1024x576.jpg 1024w, https:\/\/blogdorogeriogomes.com.br\/noticias\/wp-content\/uploads\/2022\/02\/imposto-renda-300x169.jpg 300w, https:\/\/blogdorogeriogomes.com.br\/noticias\/wp-content\/uploads\/2022\/02\/imposto-renda-768x432.jpg 768w, https:\/\/blogdorogeriogomes.com.br\/noticias\/wp-content\/uploads\/2022\/02\/imposto-renda-800x450.jpg 800w, https:\/\/blogdorogeriogomes.com.br\/noticias\/wp-content\/uploads\/2022\/02\/imposto-renda.jpg 1169w\" sizes=\"auto, (max-width: 1024px) 100vw, 1024px\" \/><\/figure>\n","protected":false},"excerpt":{"rendered":"<p>O per\u00edodo para a entrega da&nbsp;declara\u00e7\u00e3o do Imposto de Renda&nbsp;Pessoa F\u00edsica 2022 (IRPF 2022) inicia no pr\u00f3ximo dia 7 de mar\u00e7o e segue at\u00e9 29 de abril. Durante esse per\u00edodo, a Receita Federal espera receber cerca de 750 mil declara\u00e7\u00f5es de contribuintes cearenses. Em todo o Brasil, o n\u00famero deve chegar a 34,1 milh\u00f5es de declara\u00e7\u00f5es. O n\u00famero \u00e9 pouco menor que o alcan\u00e7ado em 2021 (34,16 milh\u00f5es) e superior ao registrado em 2020 (31,98 milh\u00f5es). Deve declarar quem&hellip;<\/p>\n","protected":false},"author":1,"featured_media":24515,"comment_status":"open","ping_status":"open","sticky":false,"template":"","format":"standard","meta":{"footnotes":""},"categories":[1],"tags":[],"class_list":["post-24514","post","type-post","status-publish","format-standard","has-post-thumbnail","hentry","category-noticias"],"_links":{"self":[{"href":"https:\/\/blogdorogeriogomes.com.br\/noticias\/wp-json\/wp\/v2\/posts\/24514","targetHints":{"allow":["GET"]}}],"collection":[{"href":"https:\/\/blogdorogeriogomes.com.br\/noticias\/wp-json\/wp\/v2\/posts"}],"about":[{"href":"https:\/\/blogdorogeriogomes.com.br\/noticias\/wp-json\/wp\/v2\/types\/post"}],"author":[{"embeddable":true,"href":"https:\/\/blogdorogeriogomes.com.br\/noticias\/wp-json\/wp\/v2\/users\/1"}],"replies":[{"embeddable":true,"href":"https:\/\/blogdorogeriogomes.com.br\/noticias\/wp-json\/wp\/v2\/comments?post=24514"}],"version-history":[{"count":2,"href":"https:\/\/blogdorogeriogomes.com.br\/noticias\/wp-json\/wp\/v2\/posts\/24514\/revisions"}],"predecessor-version":[{"id":24537,"href":"https:\/\/blogdorogeriogomes.com.br\/noticias\/wp-json\/wp\/v2\/posts\/24514\/revisions\/24537"}],"wp:featuredmedia":[{"embeddable":true,"href":"https:\/\/blogdorogeriogomes.com.br\/noticias\/wp-json\/wp\/v2\/media\/24515"}],"wp:attachment":[{"href":"https:\/\/blogdorogeriogomes.com.br\/noticias\/wp-json\/wp\/v2\/media?parent=24514"}],"wp:term":[{"taxonomy":"category","embeddable":true,"href":"https:\/\/blogdorogeriogomes.com.br\/noticias\/wp-json\/wp\/v2\/categories?post=24514"},{"taxonomy":"post_tag","embeddable":true,"href":"https:\/\/blogdorogeriogomes.com.br\/noticias\/wp-json\/wp\/v2\/tags?post=24514"}],"curies":[{"name":"wp","href":"https:\/\/api.w.org\/{rel}","templated":true}]}}