{"id":24521,"date":"2022-02-28T15:37:18","date_gmt":"2022-02-28T15:37:18","guid":{"rendered":"https:\/\/blogdorogeriogomes.com.br\/?p=24521"},"modified":"2022-03-02T12:47:42","modified_gmt":"2022-03-02T12:47:42","slug":"sem-carnaval-de-rua-fortaleza-mantem-folia-com-festas-privadas-em-bares-restaurantes-e-barracas-de-praia","status":"publish","type":"post","link":"https:\/\/blogdorogeriogomes.com.br\/noticias\/2022\/02\/sem-carnaval-de-rua-fortaleza-mantem-folia-com-festas-privadas-em-bares-restaurantes-e-barracas-de-praia\/","title":{"rendered":"Sem carnaval de rua, Fortaleza mant\u00e9m folia com festas privadas em bares, restaurantes e barracas de praia"},"content":{"rendered":"\n<p>O fim de semana no per\u00edodo carnavalesco em Fortaleza foi marcado por muito movimento em festas privadas nos bares, restaurantes e barracas de praia da Capital. A praia do Futuro mostrou intenso movimento no s\u00e1bado e domingo. Atra\u00e7\u00f5es musicais est\u00e3o agendadas nos estabelecimentos at\u00e9 esta ter\u00e7a-feira, dia 1\u00b0 de mar\u00e7o. Al\u00e9m dos fortalezenses, turistas aproveitam os eventos festivos que seguem todos os protocolos exigidos no Decreto Estadual de Enfrentamento \u00e0 Covid-19.<\/p>\n\n\n\n<p>As festas t\u00eam como requisito obrigat\u00f3rio a apresenta\u00e7\u00e3o do passaporte vacinal e o uso de m\u00e1scara. O limite de p\u00fablico \u00e9 de 250 pessoas em ambientes fechados e 500 em ambientes abertos. Quem extrapola o que determina o decreto est\u00e1 pass\u00edvel de multa e at\u00e9 interdi\u00e7\u00e3o no estabelecimento. Para evitar aglomera\u00e7\u00f5es na rua, fiscais da Prefeitura de Fortaleza montaram uma opera\u00e7\u00e3o de vistoria nos eventos com o apoio da Pol\u00edcia Militar.<br><\/p>\n\n\n\n<figure class=\"wp-block-image size-large\"><img loading=\"lazy\" decoding=\"async\" width=\"1024\" height=\"753\" src=\"https:\/\/blogdorogeriogomes.com.br\/wp-content\/uploads\/2022\/02\/IMG_79084-1024x753.jpg\" alt=\"\" class=\"wp-image-24523\" srcset=\"https:\/\/blogdorogeriogomes.com.br\/noticias\/wp-content\/uploads\/2022\/02\/IMG_79084-1024x753.jpg 1024w, https:\/\/blogdorogeriogomes.com.br\/noticias\/wp-content\/uploads\/2022\/02\/IMG_79084-300x221.jpg 300w, https:\/\/blogdorogeriogomes.com.br\/noticias\/wp-content\/uploads\/2022\/02\/IMG_79084-768x565.jpg 768w, https:\/\/blogdorogeriogomes.com.br\/noticias\/wp-content\/uploads\/2022\/02\/IMG_79084-1536x1129.jpg 1536w, https:\/\/blogdorogeriogomes.com.br\/noticias\/wp-content\/uploads\/2022\/02\/IMG_79084-800x588.jpg 800w, https:\/\/blogdorogeriogomes.com.br\/noticias\/wp-content\/uploads\/2022\/02\/IMG_79084.jpg 1575w\" sizes=\"auto, (max-width: 1024px) 100vw, 1024px\" \/><\/figure>\n","protected":false},"excerpt":{"rendered":"<p>O fim de semana no per\u00edodo carnavalesco em Fortaleza foi marcado por muito movimento em festas privadas nos bares, restaurantes e barracas de praia da Capital. A praia do Futuro mostrou intenso movimento no s\u00e1bado e domingo. Atra\u00e7\u00f5es musicais est\u00e3o agendadas nos estabelecimentos at\u00e9 esta ter\u00e7a-feira, dia 1\u00b0 de mar\u00e7o. Al\u00e9m dos fortalezenses, turistas aproveitam os eventos festivos que seguem todos os protocolos exigidos no Decreto Estadual de Enfrentamento \u00e0 Covid-19. As festas t\u00eam como requisito obrigat\u00f3rio a apresenta\u00e7\u00e3o&hellip;<\/p>\n","protected":false},"author":1,"featured_media":24523,"comment_status":"open","ping_status":"open","sticky":false,"template":"","format":"standard","meta":{"footnotes":""},"categories":[1],"tags":[],"class_list":["post-24521","post","type-post","status-publish","format-standard","has-post-thumbnail","hentry","category-noticias"],"_links":{"self":[{"href":"https:\/\/blogdorogeriogomes.com.br\/noticias\/wp-json\/wp\/v2\/posts\/24521","targetHints":{"allow":["GET"]}}],"collection":[{"href":"https:\/\/blogdorogeriogomes.com.br\/noticias\/wp-json\/wp\/v2\/posts"}],"about":[{"href":"https:\/\/blogdorogeriogomes.com.br\/noticias\/wp-json\/wp\/v2\/types\/post"}],"author":[{"embeddable":true,"href":"https:\/\/blogdorogeriogomes.com.br\/noticias\/wp-json\/wp\/v2\/users\/1"}],"replies":[{"embeddable":true,"href":"https:\/\/blogdorogeriogomes.com.br\/noticias\/wp-json\/wp\/v2\/comments?post=24521"}],"version-history":[{"count":1,"href":"https:\/\/blogdorogeriogomes.com.br\/noticias\/wp-json\/wp\/v2\/posts\/24521\/revisions"}],"predecessor-version":[{"id":24524,"href":"https:\/\/blogdorogeriogomes.com.br\/noticias\/wp-json\/wp\/v2\/posts\/24521\/revisions\/24524"}],"wp:featuredmedia":[{"embeddable":true,"href":"https:\/\/blogdorogeriogomes.com.br\/noticias\/wp-json\/wp\/v2\/media\/24523"}],"wp:attachment":[{"href":"https:\/\/blogdorogeriogomes.com.br\/noticias\/wp-json\/wp\/v2\/media?parent=24521"}],"wp:term":[{"taxonomy":"category","embeddable":true,"href":"https:\/\/blogdorogeriogomes.com.br\/noticias\/wp-json\/wp\/v2\/categories?post=24521"},{"taxonomy":"post_tag","embeddable":true,"href":"https:\/\/blogdorogeriogomes.com.br\/noticias\/wp-json\/wp\/v2\/tags?post=24521"}],"curies":[{"name":"wp","href":"https:\/\/api.w.org\/{rel}","templated":true}]}}