{"id":24528,"date":"2022-03-01T10:14:40","date_gmt":"2022-03-01T10:14:40","guid":{"rendered":"https:\/\/blogdorogeriogomes.com.br\/?p=24528"},"modified":"2022-03-02T12:47:20","modified_gmt":"2022-03-02T12:47:20","slug":"com-avanco-da-vacinacao-solicitacao-de-leitos-de-enfermaria-e-uti-para-pacientes-com-covid-19-cai-80-no-ceara","status":"publish","type":"post","link":"https:\/\/blogdorogeriogomes.com.br\/noticias\/2022\/03\/com-avanco-da-vacinacao-solicitacao-de-leitos-de-enfermaria-e-uti-para-pacientes-com-covid-19-cai-80-no-ceara\/","title":{"rendered":"Com avan\u00e7o da vacina\u00e7\u00e3o, solicita\u00e7\u00e3o de leitos de enfermaria e UTI para pacientes com Covid-19 cai 80% no Cear\u00e1"},"content":{"rendered":"\n<p>A terceira onda da Covid-19 no Cear\u00e1 com o surgimento da variante \u00d4micron come\u00e7a a mostrar sinais de queda sustent\u00e1vel. De acordo com a plataforma IntegraSUS, da Secretaria de Sa\u00fade do Estado, houve uma redu\u00e7\u00e3o de 80% na solicita\u00e7\u00e3o de leitos de enfermaria e UTI para pacientes com Covid-19 nas unidades de sa\u00fade do Cear\u00e1. O fato vem sendo registrado h\u00e1 pelo menos um m\u00eas e 15 dias.<\/p>\n\n\n\n<p>Enquanto isso, a campanha de vacina\u00e7\u00e3o avan\u00e7a, principalmente, no p\u00fablico infantil. Nesta segunda-feira, dia 28 de fevereiro, a Prefeitura de Fortaleza iniciou a aplica\u00e7\u00e3o da primeira dose da vacina\u00e7\u00e3o contra Covid-19 para crian\u00e7as de 5 a 11 anos, mesmo sem agendamento pr\u00e9vio. Para isto, basta estarem cadastradas h\u00e1 48 horas no site Sa\u00fade Digital. At\u00e9 o momento, foram aplicadas 121.660 doses da vacina neste p\u00fablico-alvo.<\/p>\n\n\n\n<p>O Centro de Eventos do Cear\u00e1, primeiro centro de vacina\u00e7\u00e3o infantil, continuar\u00e1 acolhendo esse p\u00fablico.&nbsp;As crian\u00e7as est\u00e3o sendo imunizadas com as vacinas da Pfizer (5 a 11 anos) e Coronavac (6 a 11 anos), ambas com uso aprovado pela Ag\u00eancia Nacional de Vigil\u00e2ncia Sanit\u00e1ria (Anvisa).<\/p>\n\n\n\n<figure class=\"wp-block-image size-large\"><img loading=\"lazy\" decoding=\"async\" width=\"984\" height=\"656\" src=\"https:\/\/blogdorogeriogomes.com.br\/wp-content\/uploads\/2022\/03\/profissionais-saude.jpg\" alt=\"\" class=\"wp-image-24529\" srcset=\"https:\/\/blogdorogeriogomes.com.br\/noticias\/wp-content\/uploads\/2022\/03\/profissionais-saude.jpg 984w, https:\/\/blogdorogeriogomes.com.br\/noticias\/wp-content\/uploads\/2022\/03\/profissionais-saude-300x200.jpg 300w, https:\/\/blogdorogeriogomes.com.br\/noticias\/wp-content\/uploads\/2022\/03\/profissionais-saude-768x512.jpg 768w, https:\/\/blogdorogeriogomes.com.br\/noticias\/wp-content\/uploads\/2022\/03\/profissionais-saude-800x533.jpg 800w\" sizes=\"auto, (max-width: 984px) 100vw, 984px\" \/><\/figure>\n","protected":false},"excerpt":{"rendered":"<p>A terceira onda da Covid-19 no Cear\u00e1 com o surgimento da variante \u00d4micron come\u00e7a a mostrar sinais de queda sustent\u00e1vel. De acordo com a plataforma IntegraSUS, da Secretaria de Sa\u00fade do Estado, houve uma redu\u00e7\u00e3o de 80% na solicita\u00e7\u00e3o de leitos de enfermaria e UTI para pacientes com Covid-19 nas unidades de sa\u00fade do Cear\u00e1. O fato vem sendo registrado h\u00e1 pelo menos um m\u00eas e 15 dias. Enquanto isso, a campanha de vacina\u00e7\u00e3o avan\u00e7a, principalmente, no p\u00fablico infantil.&hellip;<\/p>\n","protected":false},"author":1,"featured_media":24529,"comment_status":"open","ping_status":"open","sticky":false,"template":"","format":"standard","meta":{"footnotes":""},"categories":[1],"tags":[],"class_list":["post-24528","post","type-post","status-publish","format-standard","has-post-thumbnail","hentry","category-noticias"],"_links":{"self":[{"href":"https:\/\/blogdorogeriogomes.com.br\/noticias\/wp-json\/wp\/v2\/posts\/24528","targetHints":{"allow":["GET"]}}],"collection":[{"href":"https:\/\/blogdorogeriogomes.com.br\/noticias\/wp-json\/wp\/v2\/posts"}],"about":[{"href":"https:\/\/blogdorogeriogomes.com.br\/noticias\/wp-json\/wp\/v2\/types\/post"}],"author":[{"embeddable":true,"href":"https:\/\/blogdorogeriogomes.com.br\/noticias\/wp-json\/wp\/v2\/users\/1"}],"replies":[{"embeddable":true,"href":"https:\/\/blogdorogeriogomes.com.br\/noticias\/wp-json\/wp\/v2\/comments?post=24528"}],"version-history":[{"count":2,"href":"https:\/\/blogdorogeriogomes.com.br\/noticias\/wp-json\/wp\/v2\/posts\/24528\/revisions"}],"predecessor-version":[{"id":24535,"href":"https:\/\/blogdorogeriogomes.com.br\/noticias\/wp-json\/wp\/v2\/posts\/24528\/revisions\/24535"}],"wp:featuredmedia":[{"embeddable":true,"href":"https:\/\/blogdorogeriogomes.com.br\/noticias\/wp-json\/wp\/v2\/media\/24529"}],"wp:attachment":[{"href":"https:\/\/blogdorogeriogomes.com.br\/noticias\/wp-json\/wp\/v2\/media?parent=24528"}],"wp:term":[{"taxonomy":"category","embeddable":true,"href":"https:\/\/blogdorogeriogomes.com.br\/noticias\/wp-json\/wp\/v2\/categories?post=24528"},{"taxonomy":"post_tag","embeddable":true,"href":"https:\/\/blogdorogeriogomes.com.br\/noticias\/wp-json\/wp\/v2\/tags?post=24528"}],"curies":[{"name":"wp","href":"https:\/\/api.w.org\/{rel}","templated":true}]}}