{"id":24538,"date":"2022-03-02T13:16:57","date_gmt":"2022-03-02T13:16:57","guid":{"rendered":"https:\/\/blogdorogeriogomes.com.br\/?p=24538"},"modified":"2022-03-03T19:56:36","modified_gmt":"2022-03-03T19:56:36","slug":"abertura-da-janela-partidaria-nesta-quinta-feira-vai-permitir-mudancas-na-forca-politica-dos-partidos","status":"publish","type":"post","link":"https:\/\/blogdorogeriogomes.com.br\/noticias\/2022\/03\/abertura-da-janela-partidaria-nesta-quinta-feira-vai-permitir-mudancas-na-forca-politica-dos-partidos\/","title":{"rendered":"Abertura da janela partid\u00e1ria nesta quinta-feira vai permitir mudan\u00e7as na for\u00e7a pol\u00edtica dos partidos"},"content":{"rendered":"\n<p>Come\u00e7a nesta quinta-feira, dia 3 de mar\u00e7o, a abertura da janela partid\u00e1ria. \u00c9 o per\u00edodo em que os parlamentares podem fazer a troca de partidos visando as elei\u00e7\u00f5es que acontecem em outubro deste ano. Entre 3 de mar\u00e7o e 1\u00ba de abril de 2022,&nbsp;deputados federais e estaduais poder\u00e3o trocar de legenda sem risco de perder o mandato.<\/p>\n\n\n\n<p>Alguns partidos devem ser fortalecidos com o troca-troca de agremia\u00e7\u00f5es pelos parlamentares. O Uni\u00e3o Brasil, por exemplo, que nasceu da fus\u00e3o entre DEM e PSL deve perder filiados. Com a ida do presidente Jair Bolsonaro para o PL, muitos aliados v\u00e3o deixar o PSL, que foi o partido por onde o presidente se elegeu. J\u00e1 o Partido Liberal deve ficar forte com novas ades\u00f5es.<\/p>\n\n\n\n<p>No Cear\u00e1, a expectativa \u00e9 em rela\u00e7\u00e3o a<div> quem vai ficar o comando do Uni\u00e3o Brasil. Capit\u00e3o Wagner (oposi\u00e7\u00e3o a Camilo Santana) e Chiquinho Feitosa (apoiador do governador) disputam o comando estadual da legenda.<\/div><\/p>\n\n\n\n<p>No PL, a articula\u00e7\u00e3o do presidente estadual, o prefeito do Eus\u00e9bio, Acilon Gon\u00e7alves, \u00e9 articular uma candidatura pr\u00f3pria ao Governo do Estado, que poderia ter o nome do ex-deputado federal, Raimundo Gomes de Matos (PSDB) como poss\u00edvel candidato. A ideia \u00e9 montar um palanque para a candidatura do presidente Jair Bolsonaro no Cear\u00e1.<\/p>\n\n\n\n<figure class=\"wp-block-image size-large\"><img loading=\"lazy\" decoding=\"async\" width=\"678\" height=\"452\" src=\"https:\/\/blogdorogeriogomes.com.br\/wp-content\/uploads\/2022\/03\/images-35.jpeg\" alt=\"\" class=\"wp-image-24539\" srcset=\"https:\/\/blogdorogeriogomes.com.br\/noticias\/wp-content\/uploads\/2022\/03\/images-35.jpeg 678w, https:\/\/blogdorogeriogomes.com.br\/noticias\/wp-content\/uploads\/2022\/03\/images-35-300x200.jpeg 300w\" sizes=\"auto, (max-width: 678px) 100vw, 678px\" \/><\/figure>\n","protected":false},"excerpt":{"rendered":"<p>Come\u00e7a nesta quinta-feira, dia 3 de mar\u00e7o, a abertura da janela partid\u00e1ria. \u00c9 o per\u00edodo em que os parlamentares podem fazer a troca de partidos visando as elei\u00e7\u00f5es que acontecem em outubro deste ano. Entre 3 de mar\u00e7o e 1\u00ba de abril de 2022,&nbsp;deputados federais e estaduais poder\u00e3o trocar de legenda sem risco de perder o mandato. Alguns partidos devem ser fortalecidos com o troca-troca de agremia\u00e7\u00f5es pelos parlamentares. O Uni\u00e3o Brasil, por exemplo, que nasceu da fus\u00e3o entre&hellip;<\/p>\n","protected":false},"author":1,"featured_media":24539,"comment_status":"open","ping_status":"open","sticky":false,"template":"","format":"standard","meta":{"footnotes":""},"categories":[1],"tags":[],"class_list":["post-24538","post","type-post","status-publish","format-standard","has-post-thumbnail","hentry","category-noticias"],"_links":{"self":[{"href":"https:\/\/blogdorogeriogomes.com.br\/noticias\/wp-json\/wp\/v2\/posts\/24538","targetHints":{"allow":["GET"]}}],"collection":[{"href":"https:\/\/blogdorogeriogomes.com.br\/noticias\/wp-json\/wp\/v2\/posts"}],"about":[{"href":"https:\/\/blogdorogeriogomes.com.br\/noticias\/wp-json\/wp\/v2\/types\/post"}],"author":[{"embeddable":true,"href":"https:\/\/blogdorogeriogomes.com.br\/noticias\/wp-json\/wp\/v2\/users\/1"}],"replies":[{"embeddable":true,"href":"https:\/\/blogdorogeriogomes.com.br\/noticias\/wp-json\/wp\/v2\/comments?post=24538"}],"version-history":[{"count":2,"href":"https:\/\/blogdorogeriogomes.com.br\/noticias\/wp-json\/wp\/v2\/posts\/24538\/revisions"}],"predecessor-version":[{"id":24567,"href":"https:\/\/blogdorogeriogomes.com.br\/noticias\/wp-json\/wp\/v2\/posts\/24538\/revisions\/24567"}],"wp:featuredmedia":[{"embeddable":true,"href":"https:\/\/blogdorogeriogomes.com.br\/noticias\/wp-json\/wp\/v2\/media\/24539"}],"wp:attachment":[{"href":"https:\/\/blogdorogeriogomes.com.br\/noticias\/wp-json\/wp\/v2\/media?parent=24538"}],"wp:term":[{"taxonomy":"category","embeddable":true,"href":"https:\/\/blogdorogeriogomes.com.br\/noticias\/wp-json\/wp\/v2\/categories?post=24538"},{"taxonomy":"post_tag","embeddable":true,"href":"https:\/\/blogdorogeriogomes.com.br\/noticias\/wp-json\/wp\/v2\/tags?post=24538"}],"curies":[{"name":"wp","href":"https:\/\/api.w.org\/{rel}","templated":true}]}}