{"id":24550,"date":"2022-03-02T23:20:34","date_gmt":"2022-03-02T23:20:34","guid":{"rendered":"https:\/\/blogdorogeriogomes.com.br\/?p=24550"},"modified":"2022-03-03T19:54:30","modified_gmt":"2022-03-03T19:54:30","slug":"ministro-lewandowski-suspende-ultima-acao-penal-contra-lula-na-justica","status":"publish","type":"post","link":"https:\/\/blogdorogeriogomes.com.br\/noticias\/2022\/03\/ministro-lewandowski-suspende-ultima-acao-penal-contra-lula-na-justica\/","title":{"rendered":"Ministro Lewandowski suspende \u00faltima a\u00e7\u00e3o penal contra Lula na Justi\u00e7a"},"content":{"rendered":"\n<p>O ministro do Supremo Tribunal Federal (STF), Ricardo Lewandowski, suspendeu nesta quarta-feira, dia 2 de mar\u00e7o, a \u00faltima a\u00e7\u00e3o penal pendente contra o ex-presidente Luiz In\u00e1cio Lula da Silva (PT) resultante da investiga\u00e7\u00e3o da Opera\u00e7\u00e3o Lava Jato na Justi\u00e7a.<\/p>\n\n\n\n<p>Esse processo contra Lula trata de um suposto tr\u00e1fico de influ\u00eancia na compra de ca\u00e7as Gripen, fabricados na Su\u00e9cia, destinados \u00e0 Aeron\u00e1utica brasileira. A compra se deu em 2013 durante o governo Dilma Rousseff. No processo de compra, a aeronave militar sueca derrotou o F-18 Super Hornet, da Boeing, e o franc\u00eas Rafale, produzido pela Dassault Aviation.&nbsp;<br><\/p>\n\n\n\n<figure class=\"wp-block-image size-large\"><img loading=\"lazy\" decoding=\"async\" width=\"715\" height=\"429\" src=\"https:\/\/blogdorogeriogomes.com.br\/wp-content\/uploads\/2022\/03\/images-37.jpeg\" alt=\"\" class=\"wp-image-24551\" srcset=\"https:\/\/blogdorogeriogomes.com.br\/noticias\/wp-content\/uploads\/2022\/03\/images-37.jpeg 715w, https:\/\/blogdorogeriogomes.com.br\/noticias\/wp-content\/uploads\/2022\/03\/images-37-300x180.jpeg 300w\" sizes=\"auto, (max-width: 715px) 100vw, 715px\" \/><\/figure>\n","protected":false},"excerpt":{"rendered":"<p>O ministro do Supremo Tribunal Federal (STF), Ricardo Lewandowski, suspendeu nesta quarta-feira, dia 2 de mar\u00e7o, a \u00faltima a\u00e7\u00e3o penal pendente contra o ex-presidente Luiz In\u00e1cio Lula da Silva (PT) resultante da investiga\u00e7\u00e3o da Opera\u00e7\u00e3o Lava Jato na Justi\u00e7a. Esse processo contra Lula trata de um suposto tr\u00e1fico de influ\u00eancia na compra de ca\u00e7as Gripen, fabricados na Su\u00e9cia, destinados \u00e0 Aeron\u00e1utica brasileira. A compra se deu em 2013 durante o governo Dilma Rousseff. No processo de compra, a aeronave&hellip;<\/p>\n","protected":false},"author":1,"featured_media":24551,"comment_status":"open","ping_status":"open","sticky":false,"template":"","format":"standard","meta":{"footnotes":""},"categories":[1],"tags":[],"class_list":["post-24550","post","type-post","status-publish","format-standard","has-post-thumbnail","hentry","category-noticias"],"_links":{"self":[{"href":"https:\/\/blogdorogeriogomes.com.br\/noticias\/wp-json\/wp\/v2\/posts\/24550","targetHints":{"allow":["GET"]}}],"collection":[{"href":"https:\/\/blogdorogeriogomes.com.br\/noticias\/wp-json\/wp\/v2\/posts"}],"about":[{"href":"https:\/\/blogdorogeriogomes.com.br\/noticias\/wp-json\/wp\/v2\/types\/post"}],"author":[{"embeddable":true,"href":"https:\/\/blogdorogeriogomes.com.br\/noticias\/wp-json\/wp\/v2\/users\/1"}],"replies":[{"embeddable":true,"href":"https:\/\/blogdorogeriogomes.com.br\/noticias\/wp-json\/wp\/v2\/comments?post=24550"}],"version-history":[{"count":2,"href":"https:\/\/blogdorogeriogomes.com.br\/noticias\/wp-json\/wp\/v2\/posts\/24550\/revisions"}],"predecessor-version":[{"id":24566,"href":"https:\/\/blogdorogeriogomes.com.br\/noticias\/wp-json\/wp\/v2\/posts\/24550\/revisions\/24566"}],"wp:featuredmedia":[{"embeddable":true,"href":"https:\/\/blogdorogeriogomes.com.br\/noticias\/wp-json\/wp\/v2\/media\/24551"}],"wp:attachment":[{"href":"https:\/\/blogdorogeriogomes.com.br\/noticias\/wp-json\/wp\/v2\/media?parent=24550"}],"wp:term":[{"taxonomy":"category","embeddable":true,"href":"https:\/\/blogdorogeriogomes.com.br\/noticias\/wp-json\/wp\/v2\/categories?post=24550"},{"taxonomy":"post_tag","embeddable":true,"href":"https:\/\/blogdorogeriogomes.com.br\/noticias\/wp-json\/wp\/v2\/tags?post=24550"}],"curies":[{"name":"wp","href":"https:\/\/api.w.org\/{rel}","templated":true}]}}