{"id":24553,"date":"2022-03-03T10:48:49","date_gmt":"2022-03-03T10:48:49","guid":{"rendered":"https:\/\/blogdorogeriogomes.com.br\/?p=24553"},"modified":"2022-03-03T19:54:22","modified_gmt":"2022-03-03T19:54:22","slug":"aliados-do-governador-camilo-santana-articulam-filiacao-em-bloco-para-buscar-vaga-para-deputado-nas-eleicoes","status":"publish","type":"post","link":"https:\/\/blogdorogeriogomes.com.br\/noticias\/2022\/03\/aliados-do-governador-camilo-santana-articulam-filiacao-em-bloco-para-buscar-vaga-para-deputado-nas-eleicoes\/","title":{"rendered":"Aliados do governador Camilo Santana articulam filia\u00e7\u00e3o em bloco para buscar vaga para deputado nas elei\u00e7\u00f5es"},"content":{"rendered":"\n<p>O presidente da Assembleia Legislativa, Evandro Leit\u00e3o (PDT), e o l\u00edder do Governo na Assembleia, deputado Julinho Filho (Cidadania), articulam com aliados do governador Camilo Santana a forma\u00e7\u00e3o em bloco de pr\u00e9-candidatos a deputado estadual e federal para as elei\u00e7\u00f5es de outubro. S\u00e3o deputados com mandato, suplentes que exerceram mandato, vereadores de Fortaleza e outros munic\u00edpios e tamb\u00e9m ex-parlamentares que pretendem concorrer em outubro.<\/p>\n\n\n\n<p>A ideia \u00e9 que esse bloco mude de partido e se concentre em uma s\u00f3 legenda. A partir desta quinta-feira, dia 3 de mar\u00e7o, at\u00e9 1\u00b0 de abril \u00e9 poss\u00edvel fazer a troca de agremia\u00e7\u00e3o sem risco de perder o mandato. \u00c9 a chamada janela partid\u00e1ria.<\/p>\n\n\n\n<p>Entre os participantes do encontro est\u00e3o os deputados estaduais&nbsp;Nizo Costa (PSB) e&nbsp;Gordin Ara\u00fajo (Patriota), os&nbsp;vereadores de Fortaleza,&nbsp;Jorge Pinheiro (PSDB) e&nbsp;C\u00f4nsul do Povo (PSC), o vereador&nbsp;Marcio Joias (PTB), de Juazeiro do Norte, e&nbsp;Lucas Brasil, de Crato, al\u00e9m do&nbsp;suplente de deputado&nbsp;Diego Barreto (PTB). H\u00e1 tamb\u00e9m os ex-deputados estaduais&nbsp;Ferreira Arag\u00e3o e&nbsp;Teo Menezes, al\u00e9m do&nbsp;ex-vereador de Fortaleza, Fabio Braga.<br><\/p>\n\n\n\n<figure class=\"wp-block-image size-large\"><img loading=\"lazy\" decoding=\"async\" width=\"818\" height=\"459\" src=\"https:\/\/blogdorogeriogomes.com.br\/wp-content\/uploads\/2022\/03\/1_bloco_deputados_assembleia_foto_henrique_araujo-18222162.jpg\" alt=\"\" class=\"wp-image-24554\" srcset=\"https:\/\/blogdorogeriogomes.com.br\/noticias\/wp-content\/uploads\/2022\/03\/1_bloco_deputados_assembleia_foto_henrique_araujo-18222162.jpg 818w, https:\/\/blogdorogeriogomes.com.br\/noticias\/wp-content\/uploads\/2022\/03\/1_bloco_deputados_assembleia_foto_henrique_araujo-18222162-300x168.jpg 300w, https:\/\/blogdorogeriogomes.com.br\/noticias\/wp-content\/uploads\/2022\/03\/1_bloco_deputados_assembleia_foto_henrique_araujo-18222162-768x431.jpg 768w, https:\/\/blogdorogeriogomes.com.br\/noticias\/wp-content\/uploads\/2022\/03\/1_bloco_deputados_assembleia_foto_henrique_araujo-18222162-800x449.jpg 800w\" sizes=\"auto, (max-width: 818px) 100vw, 818px\" \/><\/figure>\n\n\n\n<p><br><\/p>\n","protected":false},"excerpt":{"rendered":"<p>O presidente da Assembleia Legislativa, Evandro Leit\u00e3o (PDT), e o l\u00edder do Governo na Assembleia, deputado Julinho Filho (Cidadania), articulam com aliados do governador Camilo Santana a forma\u00e7\u00e3o em bloco de pr\u00e9-candidatos a deputado estadual e federal para as elei\u00e7\u00f5es de outubro. S\u00e3o deputados com mandato, suplentes que exerceram mandato, vereadores de Fortaleza e outros munic\u00edpios e tamb\u00e9m ex-parlamentares que pretendem concorrer em outubro. A ideia \u00e9 que esse bloco mude de partido e se concentre em uma s\u00f3&hellip;<\/p>\n","protected":false},"author":1,"featured_media":24554,"comment_status":"open","ping_status":"open","sticky":false,"template":"","format":"standard","meta":{"footnotes":""},"categories":[1],"tags":[],"class_list":["post-24553","post","type-post","status-publish","format-standard","has-post-thumbnail","hentry","category-noticias"],"_links":{"self":[{"href":"https:\/\/blogdorogeriogomes.com.br\/noticias\/wp-json\/wp\/v2\/posts\/24553","targetHints":{"allow":["GET"]}}],"collection":[{"href":"https:\/\/blogdorogeriogomes.com.br\/noticias\/wp-json\/wp\/v2\/posts"}],"about":[{"href":"https:\/\/blogdorogeriogomes.com.br\/noticias\/wp-json\/wp\/v2\/types\/post"}],"author":[{"embeddable":true,"href":"https:\/\/blogdorogeriogomes.com.br\/noticias\/wp-json\/wp\/v2\/users\/1"}],"replies":[{"embeddable":true,"href":"https:\/\/blogdorogeriogomes.com.br\/noticias\/wp-json\/wp\/v2\/comments?post=24553"}],"version-history":[{"count":2,"href":"https:\/\/blogdorogeriogomes.com.br\/noticias\/wp-json\/wp\/v2\/posts\/24553\/revisions"}],"predecessor-version":[{"id":24565,"href":"https:\/\/blogdorogeriogomes.com.br\/noticias\/wp-json\/wp\/v2\/posts\/24553\/revisions\/24565"}],"wp:featuredmedia":[{"embeddable":true,"href":"https:\/\/blogdorogeriogomes.com.br\/noticias\/wp-json\/wp\/v2\/media\/24554"}],"wp:attachment":[{"href":"https:\/\/blogdorogeriogomes.com.br\/noticias\/wp-json\/wp\/v2\/media?parent=24553"}],"wp:term":[{"taxonomy":"category","embeddable":true,"href":"https:\/\/blogdorogeriogomes.com.br\/noticias\/wp-json\/wp\/v2\/categories?post=24553"},{"taxonomy":"post_tag","embeddable":true,"href":"https:\/\/blogdorogeriogomes.com.br\/noticias\/wp-json\/wp\/v2\/tags?post=24553"}],"curies":[{"name":"wp","href":"https:\/\/api.w.org\/{rel}","templated":true}]}}