{"id":24562,"date":"2022-03-03T19:49:07","date_gmt":"2022-03-03T19:49:07","guid":{"rendered":"https:\/\/blogdorogeriogomes.com.br\/?p=24562"},"modified":"2022-03-03T19:53:25","modified_gmt":"2022-03-03T19:53:25","slug":"jose-sarto-defende-nome-de-roberto-claudio-para-concorrer-ao-governo-e-esquenta-disputa-nos-bastidores-governistas","status":"publish","type":"post","link":"https:\/\/blogdorogeriogomes.com.br\/noticias\/2022\/03\/jose-sarto-defende-nome-de-roberto-claudio-para-concorrer-ao-governo-e-esquenta-disputa-nos-bastidores-governistas\/","title":{"rendered":"Jos\u00e9 Sarto defende nome de Roberto Cl\u00e1udio para concorrer ao Governo e esquenta disputa nos bastidores governistas"},"content":{"rendered":"\n<p>A defini\u00e7\u00e3o do candidato governista para concorrer na sucess\u00e3o estadual de outubro ganhou novos contornos nesta quinta-feira, dia 3 de mar\u00e7o. Durante entrevista coletiva no Pa\u00e7o Municipal, o prefeito de Fortaleza, Jos\u00e9 Sarto (PDT), apontou o ex-prefeito da Capital, Roberto Cl\u00e1udio (PDT), como o melhor nome para suceder o governador Camilo Santana. &#8220;O nome que hoje representa e traduz, a meu ju\u00edzo, o melhor nome do PDT, que tem juventude, experi\u00eancia, conhece o Ceara, \u00e9 o Roberto Cl\u00e1udio&#8221;, disse Sarto.<\/p>\n\n\n\n<p>A declara\u00e7\u00e3o de Jos\u00e9 Sarto esquentou os bastidores governistas, j\u00e1 que h\u00e1 pelo menos outros tr\u00eas nomes do PDT como pr\u00e9-candidatos: Izolda Cela, Evandro Leit\u00e3o e Mauro Filho.<\/p>\n\n\n\n<p>O governador Camilo Santana confirmou que a escolha do nome passar\u00e1 por avalia\u00e7\u00e3o dos partidos aliados e tamb\u00e9m pela aceita\u00e7\u00e3o nas pesquisas eleitorais. Para n\u00e3o causar desconforto entre os nomes j\u00e1 lan\u00e7ados, Camilo disse que o nome escolhido ser\u00e1 anunciado no &#8220;momento certo&#8221;.<\/p>\n\n\n\n<p>O ex-prefeito Roberto Cl\u00e1udio tem viajado por v\u00e1rios munic\u00edpios do Cear\u00e1 com o objetivo de conhecer a realidade de cada regi\u00e3o do Estado, como tamb\u00e9m cacifar apoio pol\u00edtico de prefeitos \u00e0 sua pr\u00e9-candidatura.<\/p>\n\n\n\n<figure class=\"wp-block-image size-large\"><img loading=\"lazy\" decoding=\"async\" width=\"678\" height=\"452\" src=\"https:\/\/blogdorogeriogomes.com.br\/wp-content\/uploads\/2022\/03\/images-39.jpeg\" alt=\"\" class=\"wp-image-24563\" srcset=\"https:\/\/blogdorogeriogomes.com.br\/noticias\/wp-content\/uploads\/2022\/03\/images-39.jpeg 678w, https:\/\/blogdorogeriogomes.com.br\/noticias\/wp-content\/uploads\/2022\/03\/images-39-300x200.jpeg 300w\" sizes=\"auto, (max-width: 678px) 100vw, 678px\" \/><\/figure>\n","protected":false},"excerpt":{"rendered":"<p>A defini\u00e7\u00e3o do candidato governista para concorrer na sucess\u00e3o estadual de outubro ganhou novos contornos nesta quinta-feira, dia 3 de mar\u00e7o. Durante entrevista coletiva no Pa\u00e7o Municipal, o prefeito de Fortaleza, Jos\u00e9 Sarto (PDT), apontou o ex-prefeito da Capital, Roberto Cl\u00e1udio (PDT), como o melhor nome para suceder o governador Camilo Santana. &#8220;O nome que hoje representa e traduz, a meu ju\u00edzo, o melhor nome do PDT, que tem juventude, experi\u00eancia, conhece o Ceara, \u00e9 o Roberto Cl\u00e1udio&#8221;, disse&hellip;<\/p>\n","protected":false},"author":1,"featured_media":24563,"comment_status":"open","ping_status":"open","sticky":false,"template":"","format":"standard","meta":{"footnotes":""},"categories":[1],"tags":[],"class_list":["post-24562","post","type-post","status-publish","format-standard","has-post-thumbnail","hentry","category-noticias"],"_links":{"self":[{"href":"https:\/\/blogdorogeriogomes.com.br\/noticias\/wp-json\/wp\/v2\/posts\/24562","targetHints":{"allow":["GET"]}}],"collection":[{"href":"https:\/\/blogdorogeriogomes.com.br\/noticias\/wp-json\/wp\/v2\/posts"}],"about":[{"href":"https:\/\/blogdorogeriogomes.com.br\/noticias\/wp-json\/wp\/v2\/types\/post"}],"author":[{"embeddable":true,"href":"https:\/\/blogdorogeriogomes.com.br\/noticias\/wp-json\/wp\/v2\/users\/1"}],"replies":[{"embeddable":true,"href":"https:\/\/blogdorogeriogomes.com.br\/noticias\/wp-json\/wp\/v2\/comments?post=24562"}],"version-history":[{"count":1,"href":"https:\/\/blogdorogeriogomes.com.br\/noticias\/wp-json\/wp\/v2\/posts\/24562\/revisions"}],"predecessor-version":[{"id":24564,"href":"https:\/\/blogdorogeriogomes.com.br\/noticias\/wp-json\/wp\/v2\/posts\/24562\/revisions\/24564"}],"wp:featuredmedia":[{"embeddable":true,"href":"https:\/\/blogdorogeriogomes.com.br\/noticias\/wp-json\/wp\/v2\/media\/24563"}],"wp:attachment":[{"href":"https:\/\/blogdorogeriogomes.com.br\/noticias\/wp-json\/wp\/v2\/media?parent=24562"}],"wp:term":[{"taxonomy":"category","embeddable":true,"href":"https:\/\/blogdorogeriogomes.com.br\/noticias\/wp-json\/wp\/v2\/categories?post=24562"},{"taxonomy":"post_tag","embeddable":true,"href":"https:\/\/blogdorogeriogomes.com.br\/noticias\/wp-json\/wp\/v2\/tags?post=24562"}],"curies":[{"name":"wp","href":"https:\/\/api.w.org\/{rel}","templated":true}]}}