{"id":24576,"date":"2022-03-04T11:23:35","date_gmt":"2022-03-04T11:23:35","guid":{"rendered":"https:\/\/blogdorogeriogomes.com.br\/?p=24576"},"modified":"2022-03-04T18:13:51","modified_gmt":"2022-03-04T18:13:51","slug":"fortaleza-inicia-aplicacao-da-quarta-dose-em-imunossuprimidos-nesta-sexta-feira","status":"publish","type":"post","link":"https:\/\/blogdorogeriogomes.com.br\/noticias\/2022\/03\/fortaleza-inicia-aplicacao-da-quarta-dose-em-imunossuprimidos-nesta-sexta-feira\/","title":{"rendered":"Fortaleza inicia aplica\u00e7\u00e3o da quarta dose em imunossuprimidos nesta sexta-feira"},"content":{"rendered":"\n<p>Pacientes imunossuprimidos de Fortaleza come\u00e7am a receber a quarta dose da vacina contra a Covid-19, nesta sexta-feira, dia 4 de mar\u00e7o. Os contemplados devem ter recebido a terceira dose h\u00e1 pelo menos quatro meses. De acordo com a Prefeitura de Fortaleza, cerca de 2.500 pessoas ser\u00e3o agendadas para receber o imunizante. A recomenda\u00e7\u00e3o destas aplica\u00e7\u00f5es foi feita pelo Minist\u00e9rio da Sa\u00fade em nota t\u00e9cnica divulgada na \u00faltima semana.<\/p>\n\n\n\n<p>A Secretaria de Sa\u00fade de Fortaleza alerta sobre a import\u00e2ncia da conclus\u00e3o do esquema vacinal contra a Covid-19. At\u00e9 a \u00faltima ter\u00e7a-feira, dia 1\u00b0 de mar\u00e7o, 1.321.505 pessoas foram agendadas para receber a terceira dose, destas 885.653 compareceram para receber o imunobiol\u00f3gico e 435.852 faltaram a convoca\u00e7\u00e3o, uma absten\u00e7\u00e3o de 32,9%.<\/p>\n\n\n\n<figure class=\"wp-block-image size-large\"><img loading=\"lazy\" decoding=\"async\" width=\"1024\" height=\"683\" src=\"https:\/\/blogdorogeriogomes.com.br\/wp-content\/uploads\/2022\/03\/A81P6681-1024x683.jpeg\" alt=\"\" class=\"wp-image-24577\" srcset=\"https:\/\/blogdorogeriogomes.com.br\/noticias\/wp-content\/uploads\/2022\/03\/A81P6681-1024x683.jpeg 1024w, https:\/\/blogdorogeriogomes.com.br\/noticias\/wp-content\/uploads\/2022\/03\/A81P6681-300x200.jpeg 300w, https:\/\/blogdorogeriogomes.com.br\/noticias\/wp-content\/uploads\/2022\/03\/A81P6681-768x512.jpeg 768w, https:\/\/blogdorogeriogomes.com.br\/noticias\/wp-content\/uploads\/2022\/03\/A81P6681-1536x1024.jpeg 1536w\" sizes=\"auto, (max-width: 1024px) 100vw, 1024px\" \/><\/figure>\n","protected":false},"excerpt":{"rendered":"<p>Pacientes imunossuprimidos de Fortaleza come\u00e7am a receber a quarta dose da vacina contra a Covid-19, nesta sexta-feira, dia 4 de mar\u00e7o. Os contemplados devem ter recebido a terceira dose h\u00e1 pelo menos quatro meses. De acordo com a Prefeitura de Fortaleza, cerca de 2.500 pessoas ser\u00e3o agendadas para receber o imunizante. A recomenda\u00e7\u00e3o destas aplica\u00e7\u00f5es foi feita pelo Minist\u00e9rio da Sa\u00fade em nota t\u00e9cnica divulgada na \u00faltima semana. A Secretaria de Sa\u00fade de Fortaleza alerta sobre a import\u00e2ncia da&hellip;<\/p>\n","protected":false},"author":1,"featured_media":24577,"comment_status":"open","ping_status":"open","sticky":false,"template":"","format":"standard","meta":{"footnotes":""},"categories":[1],"tags":[],"class_list":["post-24576","post","type-post","status-publish","format-standard","has-post-thumbnail","hentry","category-noticias"],"_links":{"self":[{"href":"https:\/\/blogdorogeriogomes.com.br\/noticias\/wp-json\/wp\/v2\/posts\/24576","targetHints":{"allow":["GET"]}}],"collection":[{"href":"https:\/\/blogdorogeriogomes.com.br\/noticias\/wp-json\/wp\/v2\/posts"}],"about":[{"href":"https:\/\/blogdorogeriogomes.com.br\/noticias\/wp-json\/wp\/v2\/types\/post"}],"author":[{"embeddable":true,"href":"https:\/\/blogdorogeriogomes.com.br\/noticias\/wp-json\/wp\/v2\/users\/1"}],"replies":[{"embeddable":true,"href":"https:\/\/blogdorogeriogomes.com.br\/noticias\/wp-json\/wp\/v2\/comments?post=24576"}],"version-history":[{"count":1,"href":"https:\/\/blogdorogeriogomes.com.br\/noticias\/wp-json\/wp\/v2\/posts\/24576\/revisions"}],"predecessor-version":[{"id":24579,"href":"https:\/\/blogdorogeriogomes.com.br\/noticias\/wp-json\/wp\/v2\/posts\/24576\/revisions\/24579"}],"wp:featuredmedia":[{"embeddable":true,"href":"https:\/\/blogdorogeriogomes.com.br\/noticias\/wp-json\/wp\/v2\/media\/24577"}],"wp:attachment":[{"href":"https:\/\/blogdorogeriogomes.com.br\/noticias\/wp-json\/wp\/v2\/media?parent=24576"}],"wp:term":[{"taxonomy":"category","embeddable":true,"href":"https:\/\/blogdorogeriogomes.com.br\/noticias\/wp-json\/wp\/v2\/categories?post=24576"},{"taxonomy":"post_tag","embeddable":true,"href":"https:\/\/blogdorogeriogomes.com.br\/noticias\/wp-json\/wp\/v2\/tags?post=24576"}],"curies":[{"name":"wp","href":"https:\/\/api.w.org\/{rel}","templated":true}]}}