{"id":24587,"date":"2022-03-04T20:30:41","date_gmt":"2022-03-04T20:30:41","guid":{"rendered":"https:\/\/blogdorogeriogomes.com.br\/?p=24587"},"modified":"2022-03-07T13:12:48","modified_gmt":"2022-03-07T13:12:48","slug":"comite-da-covid-19-no-ceara-libera-eventos-sociais-e-esportivos-com-controle-mas-sem-limite-de-publico","status":"publish","type":"post","link":"https:\/\/blogdorogeriogomes.com.br\/noticias\/2022\/03\/comite-da-covid-19-no-ceara-libera-eventos-sociais-e-esportivos-com-controle-mas-sem-limite-de-publico\/","title":{"rendered":"Comit\u00ea da Covid-19 no Cear\u00e1 libera eventos sociais e esportivos com controle, mas sem limite de p\u00fablico"},"content":{"rendered":"\n<p>O Comit\u00ea Estadual de Enfrentamento \u00e0 Covid-19 liberou a realiza\u00e7\u00e3o de eventos sociais e esportivos no Cear\u00e1 com controle, mas sem limite de p\u00fablico, a partir de segunda-feira, dia 7 de mar\u00e7o. O an\u00fancio foi feito pelo governador Camilo Santana e pelo secret\u00e1rio de Sa\u00fade do Cear\u00e1, Marcos Gadelha. As altera\u00e7\u00f5es no Decreto Estadual se deram devido \u00e0 queda na positividade dos casos de coronav\u00edrus em todas as unidades de sa\u00fade, tanto p\u00fablicas, como particulares.<\/p>\n\n\n\n<p>Entre as medidas exigidas para a realiza\u00e7\u00e3o de eventos festivos continua a obrigatoriedade do passaporte de vacina\u00e7\u00e3o com as tr\u00eas doses no acesso das pessoas e com o uso da m\u00e1scara. Bares e restaurantes devem passar a exigir o passaporte de vacina\u00e7\u00e3o com as tr\u00eas doses, a partir de 21 de mar\u00e7o. Atualmente, s\u00f3 s\u00e3o exigidas duas doses da vacina.<\/p>\n\n\n\n<p>Tamb\u00e9m n\u00e3o h\u00e1 mais a obrigatoriedade de uso da m\u00e1scara do tipo N-95, com exce\u00e7\u00e3o daquelas atividades cujos protocolos exigem o uso. M\u00e1scaras de prote\u00e7\u00e3o, contudo, devem continuar sendo utilizadas pela popula\u00e7\u00e3o.<\/p>\n\n\n\n<figure class=\"wp-block-image size-large\"><img loading=\"lazy\" decoding=\"async\" width=\"818\" height=\"459\" src=\"https:\/\/blogdorogeriogomes.com.br\/wp-content\/uploads\/2022\/03\/1_whatsapp_image_2021_10_02_at_16_25_55-17181486.jpeg\" alt=\"\" class=\"wp-image-24588\" srcset=\"https:\/\/blogdorogeriogomes.com.br\/noticias\/wp-content\/uploads\/2022\/03\/1_whatsapp_image_2021_10_02_at_16_25_55-17181486.jpeg 818w, https:\/\/blogdorogeriogomes.com.br\/noticias\/wp-content\/uploads\/2022\/03\/1_whatsapp_image_2021_10_02_at_16_25_55-17181486-300x168.jpeg 300w, https:\/\/blogdorogeriogomes.com.br\/noticias\/wp-content\/uploads\/2022\/03\/1_whatsapp_image_2021_10_02_at_16_25_55-17181486-768x431.jpeg 768w, https:\/\/blogdorogeriogomes.com.br\/noticias\/wp-content\/uploads\/2022\/03\/1_whatsapp_image_2021_10_02_at_16_25_55-17181486-800x449.jpeg 800w\" sizes=\"auto, (max-width: 818px) 100vw, 818px\" \/><\/figure>\n","protected":false},"excerpt":{"rendered":"<p>O Comit\u00ea Estadual de Enfrentamento \u00e0 Covid-19 liberou a realiza\u00e7\u00e3o de eventos sociais e esportivos no Cear\u00e1 com controle, mas sem limite de p\u00fablico, a partir de segunda-feira, dia 7 de mar\u00e7o. O an\u00fancio foi feito pelo governador Camilo Santana e pelo secret\u00e1rio de Sa\u00fade do Cear\u00e1, Marcos Gadelha. As altera\u00e7\u00f5es no Decreto Estadual se deram devido \u00e0 queda na positividade dos casos de coronav\u00edrus em todas as unidades de sa\u00fade, tanto p\u00fablicas, como particulares. Entre as medidas exigidas&hellip;<\/p>\n","protected":false},"author":1,"featured_media":24588,"comment_status":"open","ping_status":"open","sticky":false,"template":"","format":"standard","meta":{"footnotes":""},"categories":[1],"tags":[],"class_list":["post-24587","post","type-post","status-publish","format-standard","has-post-thumbnail","hentry","category-noticias"],"_links":{"self":[{"href":"https:\/\/blogdorogeriogomes.com.br\/noticias\/wp-json\/wp\/v2\/posts\/24587","targetHints":{"allow":["GET"]}}],"collection":[{"href":"https:\/\/blogdorogeriogomes.com.br\/noticias\/wp-json\/wp\/v2\/posts"}],"about":[{"href":"https:\/\/blogdorogeriogomes.com.br\/noticias\/wp-json\/wp\/v2\/types\/post"}],"author":[{"embeddable":true,"href":"https:\/\/blogdorogeriogomes.com.br\/noticias\/wp-json\/wp\/v2\/users\/1"}],"replies":[{"embeddable":true,"href":"https:\/\/blogdorogeriogomes.com.br\/noticias\/wp-json\/wp\/v2\/comments?post=24587"}],"version-history":[{"count":1,"href":"https:\/\/blogdorogeriogomes.com.br\/noticias\/wp-json\/wp\/v2\/posts\/24587\/revisions"}],"predecessor-version":[{"id":24589,"href":"https:\/\/blogdorogeriogomes.com.br\/noticias\/wp-json\/wp\/v2\/posts\/24587\/revisions\/24589"}],"wp:featuredmedia":[{"embeddable":true,"href":"https:\/\/blogdorogeriogomes.com.br\/noticias\/wp-json\/wp\/v2\/media\/24588"}],"wp:attachment":[{"href":"https:\/\/blogdorogeriogomes.com.br\/noticias\/wp-json\/wp\/v2\/media?parent=24587"}],"wp:term":[{"taxonomy":"category","embeddable":true,"href":"https:\/\/blogdorogeriogomes.com.br\/noticias\/wp-json\/wp\/v2\/categories?post=24587"},{"taxonomy":"post_tag","embeddable":true,"href":"https:\/\/blogdorogeriogomes.com.br\/noticias\/wp-json\/wp\/v2\/tags?post=24587"}],"curies":[{"name":"wp","href":"https:\/\/api.w.org\/{rel}","templated":true}]}}