{"id":24593,"date":"2022-03-05T14:12:20","date_gmt":"2022-03-05T14:12:20","guid":{"rendered":"https:\/\/blogdorogeriogomes.com.br\/?p=24593"},"modified":"2022-03-07T13:12:17","modified_gmt":"2022-03-07T13:12:17","slug":"audios-sexistas-do-deputado-arthur-do-val-na-ucrania-trazem-prejuizos-para-sergio-moro-e-podemos","status":"publish","type":"post","link":"https:\/\/blogdorogeriogomes.com.br\/noticias\/2022\/03\/audios-sexistas-do-deputado-arthur-do-val-na-ucrania-trazem-prejuizos-para-sergio-moro-e-podemos\/","title":{"rendered":"\u00c1udios sexistas do deputado Arthur do Val na Ucr\u00e2nia trazem preju\u00edzos para Sergio Moro e  Podemos"},"content":{"rendered":"\n<p>O deputado estadual e pr\u00e9-candidato ao governo de S\u00e3o Paulo, Arthur do Val (Podemos-SP), que se apresenta como \u201cMam\u00e3e Falei\u201d, vai ter de gastar muita saliva para justificar os \u00e1udios vazados na sua viagem a Ucr\u00e2nia, onde declarou que as &#8220;mulheres ucranianas s\u00e3o f\u00e1ceis, porque s\u00e3o pobres&#8221;. Ele ter\u00e1 de se entender tamb\u00e9m com as colegas de partido em S\u00e3o Paulo que j\u00e1 cobram a sua cassa\u00e7\u00e3o por quebra de decoro. Arthur do Val viajou \u00e0 regi\u00e3o do conflito acompanhado do coordenador do Movimento Brasil Livre (MBL), Renan Santos,&nbsp;sob o pretexto de ver de perto a situa\u00e7\u00e3o da guerra com a R\u00fassia.<\/p>\n\n\n\n<p>Entre as &#8220;p\u00e9rolas&#8221; desferidas pelo parlamentar est\u00e3o: &#8220;A fila das refugiadas, irm\u00e3o, sei l\u00e1, de 200 metros mais, s\u00f3 deusa. Se voc\u00ea pegar a fila da melhor balada do Brasil, na melhor \u00e9poca do ano, n\u00e3o chega aos p\u00e9s da fila dos refugiados aqui&#8221;.&nbsp;<\/p>\n\n\n\n<p>Ao desembarcar no Brasil neste s\u00e1bado, dia 5 de mar\u00e7o, Arthur do Val deu a seguinte justificativa: &nbsp;&#8220;Foi um erro em um momento de empolga\u00e7\u00e3o. Sou homem, sou jovem. Vi um monte de mulheres bonitas sendo simp\u00e1ticas, talvez porque em S\u00e3o Paulo as mulheres sejam mais inacess\u00edveis&#8221;.<\/p>\n\n\n\n<p>O deputado &#8220;Mam\u00e3e Falei&#8221; vinha sendo apontado pelo presidenciavel Sergio Moro (Podemos) para concorrer ao Governo de S\u00e3o Paulo. Moro defendeu a ida de Arthur do Val para a Ucr\u00e2nia. \u201cFoi mostrar aos brasileiros a realidade da guerra. \u00c9 sempre louv\u00e1vel quando sa\u00edmos do discurso e partimos para a pr\u00e1tica\u201d. Ap\u00f3s o vazamento dos \u00e1udios sexistas, o discurso \u00e9 de rompimento pol\u00edtico com o deputado paulista. &#8220;As declara\u00e7\u00f5es s\u00e3o incompat\u00edveis com qualquer homem p\u00fablico. Tenho uma vida pautada pela corre\u00e7\u00e3o e pelo respeito a todos, tanto no campo p\u00fablico quanto na vida privada. Portanto, jamais comungarei com vis\u00f5es preconceituosas, que podem inclusive ser configuradas como crime&#8221;, disse Moro.<\/p>\n\n\n\n<p>\u00c9 a segunda vez que Sergio Moro tem problemas com aliados por declara\u00e7\u00f5es infelizes. A outra ocorreu com o deputado federal Kim Kataguiri&nbsp;(Podemos) durante um epis\u00f3dio do podcast Flow, no qual o parlamentar afirmou considerar que a Alemanha errou ao ter criminalizado o partido nazista.<\/p>\n\n\n\n<figure class=\"wp-block-image size-large\"><img loading=\"lazy\" decoding=\"async\" width=\"553\" height=\"312\" src=\"https:\/\/blogdorogeriogomes.com.br\/wp-content\/uploads\/2022\/03\/images-40.jpeg\" alt=\"\" class=\"wp-image-24594\" srcset=\"https:\/\/blogdorogeriogomes.com.br\/noticias\/wp-content\/uploads\/2022\/03\/images-40.jpeg 553w, https:\/\/blogdorogeriogomes.com.br\/noticias\/wp-content\/uploads\/2022\/03\/images-40-300x169.jpeg 300w\" sizes=\"auto, (max-width: 553px) 100vw, 553px\" \/><\/figure>\n\n\n\n<p><\/p>\n\n\n\n<p><\/p>\n\n\n\n<p><\/p>\n\n\n\n<p>Ap\u00f3s o vazamento <\/p>\n","protected":false},"excerpt":{"rendered":"<p>O deputado estadual e pr\u00e9-candidato ao governo de S\u00e3o Paulo, Arthur do Val (Podemos-SP), que se apresenta como \u201cMam\u00e3e Falei\u201d, vai ter de gastar muita saliva para justificar os \u00e1udios vazados na sua viagem a Ucr\u00e2nia, onde declarou que as &#8220;mulheres ucranianas s\u00e3o f\u00e1ceis, porque s\u00e3o pobres&#8221;. Ele ter\u00e1 de se entender tamb\u00e9m com as colegas de partido em S\u00e3o Paulo que j\u00e1 cobram a sua cassa\u00e7\u00e3o por quebra de decoro. Arthur do Val viajou \u00e0 regi\u00e3o do conflito&hellip;<\/p>\n","protected":false},"author":1,"featured_media":24594,"comment_status":"open","ping_status":"open","sticky":false,"template":"","format":"standard","meta":{"footnotes":""},"categories":[1],"tags":[],"class_list":["post-24593","post","type-post","status-publish","format-standard","has-post-thumbnail","hentry","category-noticias"],"_links":{"self":[{"href":"https:\/\/blogdorogeriogomes.com.br\/noticias\/wp-json\/wp\/v2\/posts\/24593","targetHints":{"allow":["GET"]}}],"collection":[{"href":"https:\/\/blogdorogeriogomes.com.br\/noticias\/wp-json\/wp\/v2\/posts"}],"about":[{"href":"https:\/\/blogdorogeriogomes.com.br\/noticias\/wp-json\/wp\/v2\/types\/post"}],"author":[{"embeddable":true,"href":"https:\/\/blogdorogeriogomes.com.br\/noticias\/wp-json\/wp\/v2\/users\/1"}],"replies":[{"embeddable":true,"href":"https:\/\/blogdorogeriogomes.com.br\/noticias\/wp-json\/wp\/v2\/comments?post=24593"}],"version-history":[{"count":2,"href":"https:\/\/blogdorogeriogomes.com.br\/noticias\/wp-json\/wp\/v2\/posts\/24593\/revisions"}],"predecessor-version":[{"id":24604,"href":"https:\/\/blogdorogeriogomes.com.br\/noticias\/wp-json\/wp\/v2\/posts\/24593\/revisions\/24604"}],"wp:featuredmedia":[{"embeddable":true,"href":"https:\/\/blogdorogeriogomes.com.br\/noticias\/wp-json\/wp\/v2\/media\/24594"}],"wp:attachment":[{"href":"https:\/\/blogdorogeriogomes.com.br\/noticias\/wp-json\/wp\/v2\/media?parent=24593"}],"wp:term":[{"taxonomy":"category","embeddable":true,"href":"https:\/\/blogdorogeriogomes.com.br\/noticias\/wp-json\/wp\/v2\/categories?post=24593"},{"taxonomy":"post_tag","embeddable":true,"href":"https:\/\/blogdorogeriogomes.com.br\/noticias\/wp-json\/wp\/v2\/tags?post=24593"}],"curies":[{"name":"wp","href":"https:\/\/api.w.org\/{rel}","templated":true}]}}