{"id":24605,"date":"2022-03-07T22:32:47","date_gmt":"2022-03-07T22:32:47","guid":{"rendered":"https:\/\/blogdorogeriogomes.com.br\/?p=24605"},"modified":"2022-03-08T12:34:41","modified_gmt":"2022-03-08T12:34:41","slug":"governo-do-estado-anuncia-investimento-para-universalizar-o-ensino-integral-nas-escolas-publicas-do-ceara","status":"publish","type":"post","link":"https:\/\/blogdorogeriogomes.com.br\/noticias\/2022\/03\/governo-do-estado-anuncia-investimento-para-universalizar-o-ensino-integral-nas-escolas-publicas-do-ceara\/","title":{"rendered":"Governo do Estado anuncia investimento para universalizar o ensino integral nas escolas p\u00fablicas do Cear\u00e1"},"content":{"rendered":"\n<p>O Governo do Cear\u00e1 apresentou plano para universaliza\u00e7\u00e3o do tempo integral no Ensino M\u00e9dio nas escolas p\u00fablicas do Estado.  Nesta segunda-feira, dia 7 de mar\u00e7o, o governador Camilo Santana tamb\u00e9m iniciou a entrega de kits de tecnologia e livros did\u00e1ticos do Pacto pela Aprendizagem \u00e0s gest\u00f5es municipais.<\/p>\n\n\n\n<p>O plano anunciado vai garantir investimento de R$ 1,37 bilh\u00e3o no per\u00edodo de 2022 a 2026. Desse total, R$ 1,2 bilh\u00e3o ser\u00e1 destinado \u00e0 universaliza\u00e7\u00e3o do Ensino M\u00e9dio em Tempo Integral, sendo R$ 969,7 milh\u00f5es em constru\u00e7\u00e3o ou reforma de escolas estaduais e o restante, para aquisi\u00e7\u00e3o de equipamentos.&nbsp;<\/p>\n\n\n\n<p>&#8220;A escola em tempo integral protege a nossa juventude, gera esperan\u00e7a de um futuro melhor e reduz desigualdades. J\u00e1 chegamos a 60% das nossas escolas funcionando em jornada ampliada e, com os recursos recebidos de precat\u00f3rio, conseguiremos universalizar esta modalidade, com todos os munic\u00edpios sendo contemplados. Ser\u00e3o 326 novas escolas funcionando em tempo integral at\u00e9 2026\u201d, disse Camilo Santana.<\/p>\n\n\n\n<figure class=\"wp-block-image size-large\"><img loading=\"lazy\" decoding=\"async\" width=\"639\" height=\"480\" src=\"https:\/\/blogdorogeriogomes.com.br\/wp-content\/uploads\/2022\/03\/images-42.jpeg\" alt=\"\" class=\"wp-image-24606\" srcset=\"https:\/\/blogdorogeriogomes.com.br\/noticias\/wp-content\/uploads\/2022\/03\/images-42.jpeg 639w, https:\/\/blogdorogeriogomes.com.br\/noticias\/wp-content\/uploads\/2022\/03\/images-42-300x225.jpeg 300w, https:\/\/blogdorogeriogomes.com.br\/noticias\/wp-content\/uploads\/2022\/03\/images-42-400x300.jpeg 400w\" sizes=\"auto, (max-width: 639px) 100vw, 639px\" \/><\/figure>\n","protected":false},"excerpt":{"rendered":"<p>O Governo do Cear\u00e1 apresentou plano para universaliza\u00e7\u00e3o do tempo integral no Ensino M\u00e9dio nas escolas p\u00fablicas do Estado. Nesta segunda-feira, dia 7 de mar\u00e7o, o governador Camilo Santana tamb\u00e9m iniciou a entrega de kits de tecnologia e livros did\u00e1ticos do Pacto pela Aprendizagem \u00e0s gest\u00f5es municipais. O plano anunciado vai garantir investimento de R$ 1,37 bilh\u00e3o no per\u00edodo de 2022 a 2026. Desse total, R$ 1,2 bilh\u00e3o ser\u00e1 destinado \u00e0 universaliza\u00e7\u00e3o do Ensino M\u00e9dio em Tempo Integral, sendo&hellip;<\/p>\n","protected":false},"author":1,"featured_media":24606,"comment_status":"open","ping_status":"open","sticky":false,"template":"","format":"standard","meta":{"footnotes":""},"categories":[1],"tags":[],"class_list":["post-24605","post","type-post","status-publish","format-standard","has-post-thumbnail","hentry","category-noticias"],"_links":{"self":[{"href":"https:\/\/blogdorogeriogomes.com.br\/noticias\/wp-json\/wp\/v2\/posts\/24605","targetHints":{"allow":["GET"]}}],"collection":[{"href":"https:\/\/blogdorogeriogomes.com.br\/noticias\/wp-json\/wp\/v2\/posts"}],"about":[{"href":"https:\/\/blogdorogeriogomes.com.br\/noticias\/wp-json\/wp\/v2\/types\/post"}],"author":[{"embeddable":true,"href":"https:\/\/blogdorogeriogomes.com.br\/noticias\/wp-json\/wp\/v2\/users\/1"}],"replies":[{"embeddable":true,"href":"https:\/\/blogdorogeriogomes.com.br\/noticias\/wp-json\/wp\/v2\/comments?post=24605"}],"version-history":[{"count":2,"href":"https:\/\/blogdorogeriogomes.com.br\/noticias\/wp-json\/wp\/v2\/posts\/24605\/revisions"}],"predecessor-version":[{"id":24611,"href":"https:\/\/blogdorogeriogomes.com.br\/noticias\/wp-json\/wp\/v2\/posts\/24605\/revisions\/24611"}],"wp:featuredmedia":[{"embeddable":true,"href":"https:\/\/blogdorogeriogomes.com.br\/noticias\/wp-json\/wp\/v2\/media\/24606"}],"wp:attachment":[{"href":"https:\/\/blogdorogeriogomes.com.br\/noticias\/wp-json\/wp\/v2\/media?parent=24605"}],"wp:term":[{"taxonomy":"category","embeddable":true,"href":"https:\/\/blogdorogeriogomes.com.br\/noticias\/wp-json\/wp\/v2\/categories?post=24605"},{"taxonomy":"post_tag","embeddable":true,"href":"https:\/\/blogdorogeriogomes.com.br\/noticias\/wp-json\/wp\/v2\/tags?post=24605"}],"curies":[{"name":"wp","href":"https:\/\/api.w.org\/{rel}","templated":true}]}}