{"id":24612,"date":"2022-03-08T13:30:36","date_gmt":"2022-03-08T13:30:36","guid":{"rendered":"https:\/\/blogdorogeriogomes.com.br\/?p=24612"},"modified":"2022-03-09T13:57:33","modified_gmt":"2022-03-09T13:57:33","slug":"prefeito-jose-sarto-anuncia-que-fortaleza-deve-realizar-novo-concurso-para-professores-ainda-em-2022","status":"publish","type":"post","link":"https:\/\/blogdorogeriogomes.com.br\/noticias\/2022\/03\/prefeito-jose-sarto-anuncia-que-fortaleza-deve-realizar-novo-concurso-para-professores-ainda-em-2022\/","title":{"rendered":"Prefeito Jos\u00e9 Sarto anuncia que Fortaleza deve realizar novo concurso para professores ainda em 2022"},"content":{"rendered":"\n<p>Atrav\u00e9s das redes sociais, o prefeito de Fortaleza, Jos\u00e9 Sarto (PDT), confirmou que o Munic\u00edpio j\u00e1 elabora um projeto para realizar um novo concurso p\u00fablico para professores ainda neste ano de 2022. O crescimento da rede municipal de ensino tem aberto a necessidade da contrata\u00e7\u00e3o de novos docentes. A abertura de novas vagas \u00e9 uma das reivindica\u00e7\u00f5es da categoria.<\/p>\n\n\n\n<p>&#8220;A Prefeitura de Fortaleza j\u00e1 est\u00e1 em fase adiantada de elabora\u00e7\u00e3o de projeto de lei que cria cargos para a realiza\u00e7\u00e3o de concurso p\u00fablico para professor na nossa rede de ensino. Em breve, enviarei a mat\u00e9ria para a C\u00e2mara Municipal e a expectativa \u00e9 realizar o certame e convocar os aprovados ainda neste ano&#8221;, disse Jos\u00e9 Sarto.<\/p>\n\n\n\n<figure class=\"wp-block-image size-large\"><img loading=\"lazy\" decoding=\"async\" width=\"738\" height=\"415\" src=\"https:\/\/blogdorogeriogomes.com.br\/wp-content\/uploads\/2022\/03\/images-44.jpeg\" alt=\"\" class=\"wp-image-24613\" srcset=\"https:\/\/blogdorogeriogomes.com.br\/noticias\/wp-content\/uploads\/2022\/03\/images-44.jpeg 738w, https:\/\/blogdorogeriogomes.com.br\/noticias\/wp-content\/uploads\/2022\/03\/images-44-300x169.jpeg 300w\" sizes=\"auto, (max-width: 738px) 100vw, 738px\" \/><\/figure>\n\n\n\n<p><\/p>\n","protected":false},"excerpt":{"rendered":"<p>Atrav\u00e9s das redes sociais, o prefeito de Fortaleza, Jos\u00e9 Sarto (PDT), confirmou que o Munic\u00edpio j\u00e1 elabora um projeto para realizar um novo concurso p\u00fablico para professores ainda neste ano de 2022. O crescimento da rede municipal de ensino tem aberto a necessidade da contrata\u00e7\u00e3o de novos docentes. A abertura de novas vagas \u00e9 uma das reivindica\u00e7\u00f5es da categoria. &#8220;A Prefeitura de Fortaleza j\u00e1 est\u00e1 em fase adiantada de elabora\u00e7\u00e3o de projeto de lei que cria cargos para a&hellip;<\/p>\n","protected":false},"author":1,"featured_media":24613,"comment_status":"open","ping_status":"open","sticky":false,"template":"","format":"standard","meta":{"footnotes":""},"categories":[1],"tags":[],"class_list":["post-24612","post","type-post","status-publish","format-standard","has-post-thumbnail","hentry","category-noticias"],"_links":{"self":[{"href":"https:\/\/blogdorogeriogomes.com.br\/noticias\/wp-json\/wp\/v2\/posts\/24612","targetHints":{"allow":["GET"]}}],"collection":[{"href":"https:\/\/blogdorogeriogomes.com.br\/noticias\/wp-json\/wp\/v2\/posts"}],"about":[{"href":"https:\/\/blogdorogeriogomes.com.br\/noticias\/wp-json\/wp\/v2\/types\/post"}],"author":[{"embeddable":true,"href":"https:\/\/blogdorogeriogomes.com.br\/noticias\/wp-json\/wp\/v2\/users\/1"}],"replies":[{"embeddable":true,"href":"https:\/\/blogdorogeriogomes.com.br\/noticias\/wp-json\/wp\/v2\/comments?post=24612"}],"version-history":[{"count":1,"href":"https:\/\/blogdorogeriogomes.com.br\/noticias\/wp-json\/wp\/v2\/posts\/24612\/revisions"}],"predecessor-version":[{"id":24614,"href":"https:\/\/blogdorogeriogomes.com.br\/noticias\/wp-json\/wp\/v2\/posts\/24612\/revisions\/24614"}],"wp:featuredmedia":[{"embeddable":true,"href":"https:\/\/blogdorogeriogomes.com.br\/noticias\/wp-json\/wp\/v2\/media\/24613"}],"wp:attachment":[{"href":"https:\/\/blogdorogeriogomes.com.br\/noticias\/wp-json\/wp\/v2\/media?parent=24612"}],"wp:term":[{"taxonomy":"category","embeddable":true,"href":"https:\/\/blogdorogeriogomes.com.br\/noticias\/wp-json\/wp\/v2\/categories?post=24612"},{"taxonomy":"post_tag","embeddable":true,"href":"https:\/\/blogdorogeriogomes.com.br\/noticias\/wp-json\/wp\/v2\/tags?post=24612"}],"curies":[{"name":"wp","href":"https:\/\/api.w.org\/{rel}","templated":true}]}}