{"id":24618,"date":"2022-03-08T18:45:04","date_gmt":"2022-03-08T18:45:04","guid":{"rendered":"https:\/\/blogdorogeriogomes.com.br\/?p=24618"},"modified":"2022-03-09T13:56:53","modified_gmt":"2022-03-09T13:56:53","slug":"presidente-da-fiec-ricardo-cavalcante-e-um-dos-homenageados-com-a-medalha-da-abolicao-em-2022","status":"publish","type":"post","link":"https:\/\/blogdorogeriogomes.com.br\/noticias\/2022\/03\/presidente-da-fiec-ricardo-cavalcante-e-um-dos-homenageados-com-a-medalha-da-abolicao-em-2022\/","title":{"rendered":"Presidente da FIEC, Ricardo Cavalcante \u00e9 um dos homenageados com a Medalha da Aboli\u00e7\u00e3o em 2022"},"content":{"rendered":"\n<p>O Presidente&nbsp; da Federa\u00e7\u00e3o das Ind\u00fastrias do Estado do Cear\u00e1 (FIEC), Ricardo Cavalcante, ser\u00e1 agraciado com a Medalha da Aboli\u00e7\u00e3o, honraria concedida pelo Governo do Estado. Este ano, a homenagem entrega as comendas referentes a 2020, 2021 e 2022. A entrega acontece no dia 25 de mar\u00e7o, no Pal\u00e1cio da Aboli\u00e7\u00e3o, sede do Governo Estadual. O an\u00fancio foi realizado pelo Governador Camilo Santana, nesta ter\u00e7a-feira, dia 8.<\/p>\n\n\n\n<p>&#8220;Fico muito honrado em receber a Medalha da Aboli\u00e7\u00e3o. Gra\u00e7as ao trabalho desempenhando, conseguimos salvar milhares de vidas, nossa economia e ind\u00fastria se mantiveram firmes e, hoje, temos apresentando crescimentos acima da m\u00e9dia nacional. Isso \u00e9 o resultado de um trabalho bem realizado e em uni\u00e3o, entre a FIEC e o Governo do Estado, que temos dado continuidade em prol da nossa sociedade\u201d, disse&nbsp;Ricardo Cavalcante.<\/p>\n\n\n\n<p>Al\u00e9m do presidente da FIEC, recebem a Medalha da Aboli\u00e7\u00e3o este ano: Socorro Fran\u00e7a (2020), secret\u00e1ria de Prote\u00e7\u00e3o Social, Justi\u00e7a, Cidadania, Mulheres e Direitos humanos (SPS); Expedito Celeiro (2020), Mestre da Cultura e Artista; Tom Cavalcante (2020), humorista; Capacete Elmo (2021);&nbsp; Nailde Pinheiro (2021), presidente do Tribunal de Justi\u00e7a do Cear\u00e1; Preto Zez\u00e9 (2021), presidente da CUFA; Amandinha, jogadora de Futebol de Sal\u00e3o (2022); e o ex-governador e senador Cid Ferreira Gomes (2022).<\/p>\n\n\n\n<figure class=\"wp-block-image size-large\"><img loading=\"lazy\" decoding=\"async\" width=\"1024\" height=\"682\" src=\"https:\/\/blogdorogeriogomes.com.br\/wp-content\/uploads\/2022\/03\/WhatsApp-Image-2022-03-08-at-14_15_521.jpeg\" alt=\"\" class=\"wp-image-24619\" srcset=\"https:\/\/blogdorogeriogomes.com.br\/noticias\/wp-content\/uploads\/2022\/03\/WhatsApp-Image-2022-03-08-at-14_15_521.jpeg 1024w, https:\/\/blogdorogeriogomes.com.br\/noticias\/wp-content\/uploads\/2022\/03\/WhatsApp-Image-2022-03-08-at-14_15_521-300x200.jpeg 300w, https:\/\/blogdorogeriogomes.com.br\/noticias\/wp-content\/uploads\/2022\/03\/WhatsApp-Image-2022-03-08-at-14_15_521-768x512.jpeg 768w, https:\/\/blogdorogeriogomes.com.br\/noticias\/wp-content\/uploads\/2022\/03\/WhatsApp-Image-2022-03-08-at-14_15_521-800x533.jpeg 800w\" sizes=\"auto, (max-width: 1024px) 100vw, 1024px\" \/><\/figure>\n","protected":false},"excerpt":{"rendered":"<p>O Presidente&nbsp; da Federa\u00e7\u00e3o das Ind\u00fastrias do Estado do Cear\u00e1 (FIEC), Ricardo Cavalcante, ser\u00e1 agraciado com a Medalha da Aboli\u00e7\u00e3o, honraria concedida pelo Governo do Estado. Este ano, a homenagem entrega as comendas referentes a 2020, 2021 e 2022. A entrega acontece no dia 25 de mar\u00e7o, no Pal\u00e1cio da Aboli\u00e7\u00e3o, sede do Governo Estadual. O an\u00fancio foi realizado pelo Governador Camilo Santana, nesta ter\u00e7a-feira, dia 8. &#8220;Fico muito honrado em receber a Medalha da Aboli\u00e7\u00e3o. Gra\u00e7as ao trabalho&hellip;<\/p>\n","protected":false},"author":1,"featured_media":24619,"comment_status":"open","ping_status":"open","sticky":false,"template":"","format":"standard","meta":{"footnotes":""},"categories":[1],"tags":[],"class_list":["post-24618","post","type-post","status-publish","format-standard","has-post-thumbnail","hentry","category-noticias"],"_links":{"self":[{"href":"https:\/\/blogdorogeriogomes.com.br\/noticias\/wp-json\/wp\/v2\/posts\/24618","targetHints":{"allow":["GET"]}}],"collection":[{"href":"https:\/\/blogdorogeriogomes.com.br\/noticias\/wp-json\/wp\/v2\/posts"}],"about":[{"href":"https:\/\/blogdorogeriogomes.com.br\/noticias\/wp-json\/wp\/v2\/types\/post"}],"author":[{"embeddable":true,"href":"https:\/\/blogdorogeriogomes.com.br\/noticias\/wp-json\/wp\/v2\/users\/1"}],"replies":[{"embeddable":true,"href":"https:\/\/blogdorogeriogomes.com.br\/noticias\/wp-json\/wp\/v2\/comments?post=24618"}],"version-history":[{"count":2,"href":"https:\/\/blogdorogeriogomes.com.br\/noticias\/wp-json\/wp\/v2\/posts\/24618\/revisions"}],"predecessor-version":[{"id":24636,"href":"https:\/\/blogdorogeriogomes.com.br\/noticias\/wp-json\/wp\/v2\/posts\/24618\/revisions\/24636"}],"wp:featuredmedia":[{"embeddable":true,"href":"https:\/\/blogdorogeriogomes.com.br\/noticias\/wp-json\/wp\/v2\/media\/24619"}],"wp:attachment":[{"href":"https:\/\/blogdorogeriogomes.com.br\/noticias\/wp-json\/wp\/v2\/media?parent=24618"}],"wp:term":[{"taxonomy":"category","embeddable":true,"href":"https:\/\/blogdorogeriogomes.com.br\/noticias\/wp-json\/wp\/v2\/categories?post=24618"},{"taxonomy":"post_tag","embeddable":true,"href":"https:\/\/blogdorogeriogomes.com.br\/noticias\/wp-json\/wp\/v2\/tags?post=24618"}],"curies":[{"name":"wp","href":"https:\/\/api.w.org\/{rel}","templated":true}]}}