{"id":24621,"date":"2022-03-08T20:58:57","date_gmt":"2022-03-08T20:58:57","guid":{"rendered":"https:\/\/blogdorogeriogomes.com.br\/?p=24621"},"modified":"2022-03-09T13:55:02","modified_gmt":"2022-03-09T13:55:02","slug":"roberto-claudio-reune-vereadores-de-fortaleza-e-busca-fortalecer-apoio-para-concorrer-ao-governo-pelo-pdt","status":"publish","type":"post","link":"https:\/\/blogdorogeriogomes.com.br\/noticias\/2022\/03\/roberto-claudio-reune-vereadores-de-fortaleza-e-busca-fortalecer-apoio-para-concorrer-ao-governo-pelo-pdt\/","title":{"rendered":"Roberto Cl\u00e1udio re\u00fane vereadores de Fortaleza e busca fortalecer apoio para concorrer ao Governo pelo PDT"},"content":{"rendered":"\n<p>O ex-prefeito de Fortaleza, Roberto Cl\u00e1udio (PDT), reuniu 32 vereadores de Fortaleza nesta ter\u00e7a-feira, dia 8 de mar\u00e7o, em um hotel da Capital, com o objetivo de fortalecer o apoio para concorrer ao Governo do Estado em outubro. No PDT, al\u00e9m de Roberto Cl\u00e1udio, h\u00e1 nomes como Izolda Cela, Evandro Leit\u00e3o e Mauro Filho querendo ser o candidato ao Pal\u00e1cio da Aboli\u00e7\u00e3o pelo partido. Entre os vereadores presentes ao encontro esteve o presidente da C\u00e2mara Municipal de Fortaleza, Ant\u00f4nio Henrique (PDT), que declarou apoio ao nome de Roberto Cl\u00e1udio.<\/p>\n\n\n\n<p>Na semana passada, o prefeito de Fortaleza, Jos\u00e9 Sarto, tamb\u00e9m disse que Roberto Cl\u00e1udio \u00e9 o nome mais forte para ser o candidato governista. Dentro do PDT, o clima \u00e9 de disputa. O fato \u00e9 que a indica\u00e7\u00e3o do nome passar\u00e1 obrigatoriamente pelo crivo do atual governador Camilo Santana (PT) e dos l\u00edderes pedetistas Ciro e Cid Ferreira Gomes.<\/p>\n\n\n\n<figure class=\"wp-block-image size-large\"><img loading=\"lazy\" decoding=\"async\" width=\"1024\" height=\"768\" src=\"https:\/\/blogdorogeriogomes.com.br\/wp-content\/uploads\/2022\/03\/0803_9837_0509_5639.jpg\" alt=\"\" class=\"wp-image-24622\" srcset=\"https:\/\/blogdorogeriogomes.com.br\/noticias\/wp-content\/uploads\/2022\/03\/0803_9837_0509_5639.jpg 1024w, https:\/\/blogdorogeriogomes.com.br\/noticias\/wp-content\/uploads\/2022\/03\/0803_9837_0509_5639-300x225.jpg 300w, https:\/\/blogdorogeriogomes.com.br\/noticias\/wp-content\/uploads\/2022\/03\/0803_9837_0509_5639-768x576.jpg 768w, https:\/\/blogdorogeriogomes.com.br\/noticias\/wp-content\/uploads\/2022\/03\/0803_9837_0509_5639-800x600.jpg 800w, https:\/\/blogdorogeriogomes.com.br\/noticias\/wp-content\/uploads\/2022\/03\/0803_9837_0509_5639-400x300.jpg 400w\" sizes=\"auto, (max-width: 1024px) 100vw, 1024px\" \/><\/figure>\n","protected":false},"excerpt":{"rendered":"<p>O ex-prefeito de Fortaleza, Roberto Cl\u00e1udio (PDT), reuniu 32 vereadores de Fortaleza nesta ter\u00e7a-feira, dia 8 de mar\u00e7o, em um hotel da Capital, com o objetivo de fortalecer o apoio para concorrer ao Governo do Estado em outubro. No PDT, al\u00e9m de Roberto Cl\u00e1udio, h\u00e1 nomes como Izolda Cela, Evandro Leit\u00e3o e Mauro Filho querendo ser o candidato ao Pal\u00e1cio da Aboli\u00e7\u00e3o pelo partido. Entre os vereadores presentes ao encontro esteve o presidente da C\u00e2mara Municipal de Fortaleza, Ant\u00f4nio&hellip;<\/p>\n","protected":false},"author":1,"featured_media":24622,"comment_status":"open","ping_status":"open","sticky":false,"template":"","format":"standard","meta":{"footnotes":""},"categories":[1],"tags":[],"class_list":["post-24621","post","type-post","status-publish","format-standard","has-post-thumbnail","hentry","category-noticias"],"_links":{"self":[{"href":"https:\/\/blogdorogeriogomes.com.br\/noticias\/wp-json\/wp\/v2\/posts\/24621","targetHints":{"allow":["GET"]}}],"collection":[{"href":"https:\/\/blogdorogeriogomes.com.br\/noticias\/wp-json\/wp\/v2\/posts"}],"about":[{"href":"https:\/\/blogdorogeriogomes.com.br\/noticias\/wp-json\/wp\/v2\/types\/post"}],"author":[{"embeddable":true,"href":"https:\/\/blogdorogeriogomes.com.br\/noticias\/wp-json\/wp\/v2\/users\/1"}],"replies":[{"embeddable":true,"href":"https:\/\/blogdorogeriogomes.com.br\/noticias\/wp-json\/wp\/v2\/comments?post=24621"}],"version-history":[{"count":1,"href":"https:\/\/blogdorogeriogomes.com.br\/noticias\/wp-json\/wp\/v2\/posts\/24621\/revisions"}],"predecessor-version":[{"id":24623,"href":"https:\/\/blogdorogeriogomes.com.br\/noticias\/wp-json\/wp\/v2\/posts\/24621\/revisions\/24623"}],"wp:featuredmedia":[{"embeddable":true,"href":"https:\/\/blogdorogeriogomes.com.br\/noticias\/wp-json\/wp\/v2\/media\/24622"}],"wp:attachment":[{"href":"https:\/\/blogdorogeriogomes.com.br\/noticias\/wp-json\/wp\/v2\/media?parent=24621"}],"wp:term":[{"taxonomy":"category","embeddable":true,"href":"https:\/\/blogdorogeriogomes.com.br\/noticias\/wp-json\/wp\/v2\/categories?post=24621"},{"taxonomy":"post_tag","embeddable":true,"href":"https:\/\/blogdorogeriogomes.com.br\/noticias\/wp-json\/wp\/v2\/tags?post=24621"}],"curies":[{"name":"wp","href":"https:\/\/api.w.org\/{rel}","templated":true}]}}