{"id":24630,"date":"2022-03-09T10:40:03","date_gmt":"2022-03-09T10:40:03","guid":{"rendered":"https:\/\/blogdorogeriogomes.com.br\/?p=24630"},"modified":"2022-03-09T13:53:56","modified_gmt":"2022-03-09T13:53:56","slug":"capitao-wagner-pede-licenca-da-camara-federal-para-acelerar-campanha-para-o-governo-do-estado","status":"publish","type":"post","link":"https:\/\/blogdorogeriogomes.com.br\/noticias\/2022\/03\/capitao-wagner-pede-licenca-da-camara-federal-para-acelerar-campanha-para-o-governo-do-estado\/","title":{"rendered":"Capit\u00e3o Wagner pede licen\u00e7a da C\u00e2mara Federal para acelerar campanha para o Governo do Estado"},"content":{"rendered":"\n<p>O pr\u00e9-candidato da oposi\u00e7\u00e3o ao Governo do Cear\u00e1, Capit\u00e3o Wagner (Pros), decidiu pedir licen\u00e7a da C\u00e2mara dos Deputados, em Bras\u00edlia, para intensificar sua campanha visando as elei\u00e7\u00f5es de outubro. O afastamento acontecer\u00e1 a partir de 15 de mar\u00e7o. <\/p>\n\n\n\n<p>Wagner anunciou que trocar\u00e1 o Pros pelo Uni\u00e3o Brasil. O deputado federal disputa com o suplente de senador Chiquinho Feitosa o controle do partido no Cear\u00e1. O desafio atual de Capit\u00e3o Wagner \u00e9 montar a chapa oposicionista e buscar apoios para a disputa frente ao candidato governista, que ainda n\u00e3o teve o nome definido.<\/p>\n\n\n\n<p>No lugar de Capit\u00e3o Wagner na C\u00e2mara Federal vai assumir Nelho Bezerra, que \u00e9 o quarto suplente do Pros. Ele recebeu apenas 12.506 votos no pleito de 2018 para deputado federal. Na frente dele ficaram Dr. Agripino Magalh\u00e3es, que j\u00e1 assumiu a vaga de Wagner em 2020. Depois vem Julierme Sena, atualmente vereador de Fortaleza, e na sequ\u00eancia, Deuzinho Filho, vice-prefeito de Caucaia.<\/p>\n\n\n\n<figure class=\"wp-block-image size-large\"><img loading=\"lazy\" decoding=\"async\" width=\"418\" height=\"314\" src=\"https:\/\/blogdorogeriogomes.com.br\/wp-content\/uploads\/2022\/03\/NBCW.jpg\" alt=\"\" class=\"wp-image-24631\" srcset=\"https:\/\/blogdorogeriogomes.com.br\/noticias\/wp-content\/uploads\/2022\/03\/NBCW.jpg 418w, https:\/\/blogdorogeriogomes.com.br\/noticias\/wp-content\/uploads\/2022\/03\/NBCW-300x225.jpg 300w, https:\/\/blogdorogeriogomes.com.br\/noticias\/wp-content\/uploads\/2022\/03\/NBCW-400x300.jpg 400w\" sizes=\"auto, (max-width: 418px) 100vw, 418px\" \/><\/figure>\n\n\n\n<p><\/p>\n","protected":false},"excerpt":{"rendered":"<p>O pr\u00e9-candidato da oposi\u00e7\u00e3o ao Governo do Cear\u00e1, Capit\u00e3o Wagner (Pros), decidiu pedir licen\u00e7a da C\u00e2mara dos Deputados, em Bras\u00edlia, para intensificar sua campanha visando as elei\u00e7\u00f5es de outubro. O afastamento acontecer\u00e1 a partir de 15 de mar\u00e7o. Wagner anunciou que trocar\u00e1 o Pros pelo Uni\u00e3o Brasil. O deputado federal disputa com o suplente de senador Chiquinho Feitosa o controle do partido no Cear\u00e1. O desafio atual de Capit\u00e3o Wagner \u00e9 montar a chapa oposicionista e buscar apoios para&hellip;<\/p>\n","protected":false},"author":1,"featured_media":24631,"comment_status":"open","ping_status":"open","sticky":false,"template":"","format":"standard","meta":{"footnotes":""},"categories":[1],"tags":[],"class_list":["post-24630","post","type-post","status-publish","format-standard","has-post-thumbnail","hentry","category-noticias"],"_links":{"self":[{"href":"https:\/\/blogdorogeriogomes.com.br\/noticias\/wp-json\/wp\/v2\/posts\/24630","targetHints":{"allow":["GET"]}}],"collection":[{"href":"https:\/\/blogdorogeriogomes.com.br\/noticias\/wp-json\/wp\/v2\/posts"}],"about":[{"href":"https:\/\/blogdorogeriogomes.com.br\/noticias\/wp-json\/wp\/v2\/types\/post"}],"author":[{"embeddable":true,"href":"https:\/\/blogdorogeriogomes.com.br\/noticias\/wp-json\/wp\/v2\/users\/1"}],"replies":[{"embeddable":true,"href":"https:\/\/blogdorogeriogomes.com.br\/noticias\/wp-json\/wp\/v2\/comments?post=24630"}],"version-history":[{"count":1,"href":"https:\/\/blogdorogeriogomes.com.br\/noticias\/wp-json\/wp\/v2\/posts\/24630\/revisions"}],"predecessor-version":[{"id":24632,"href":"https:\/\/blogdorogeriogomes.com.br\/noticias\/wp-json\/wp\/v2\/posts\/24630\/revisions\/24632"}],"wp:featuredmedia":[{"embeddable":true,"href":"https:\/\/blogdorogeriogomes.com.br\/noticias\/wp-json\/wp\/v2\/media\/24631"}],"wp:attachment":[{"href":"https:\/\/blogdorogeriogomes.com.br\/noticias\/wp-json\/wp\/v2\/media?parent=24630"}],"wp:term":[{"taxonomy":"category","embeddable":true,"href":"https:\/\/blogdorogeriogomes.com.br\/noticias\/wp-json\/wp\/v2\/categories?post=24630"},{"taxonomy":"post_tag","embeddable":true,"href":"https:\/\/blogdorogeriogomes.com.br\/noticias\/wp-json\/wp\/v2\/tags?post=24630"}],"curies":[{"name":"wp","href":"https:\/\/api.w.org\/{rel}","templated":true}]}}