{"id":24637,"date":"2022-03-09T22:29:51","date_gmt":"2022-03-09T22:29:51","guid":{"rendered":"https:\/\/blogdorogeriogomes.com.br\/?p=24637"},"modified":"2022-03-14T09:30:20","modified_gmt":"2022-03-14T09:30:20","slug":"festival-expocrato-e-outras-feiras-agropecuarias-estao-confirmadas-para-2022","status":"publish","type":"post","link":"https:\/\/blogdorogeriogomes.com.br\/noticias\/2022\/03\/festival-expocrato-e-outras-feiras-agropecuarias-estao-confirmadas-para-2022\/","title":{"rendered":"Festival Expocrato e outras feiras agropecu\u00e1rias est\u00e3o confirmadas para 2022"},"content":{"rendered":"\n<p>Diante da diminui\u00e7\u00e3o dos casos de Covid-19, o Governo do Cear\u00e1 confirmou a realiza\u00e7\u00e3o da Exposi\u00e7\u00e3o Centro Nordestina de Animais no Crato (Expocrato) e outras feiras agropecu\u00e1rias no Cear\u00e1 ainda em 2022. O Festival Expocrato \u00e9 o principal evento e re\u00fane, al\u00e9m dos neg\u00f3cios no setor agropecu\u00e1rio, um desfile de artistas locais e nacionais. O evento deste ano est\u00e1 programado para o per\u00edodo entre 10 a 17 de julho, no Crato, na regi\u00e3o do Cariri.<\/p>\n\n\n\n<p>Alem da Expocrato 2022, est\u00e3o confirmadas a realiza\u00e7\u00e3o das feiras nas cidades de Fortaleza, Maranguape, Santa Quit\u00e9ria, Jaguaribe, Crato, Morada Nova, Solon\u00f3pole, Brejo Santo, Senador Pompeu, Araripe, Itapipoca, Iguatu, Itapebuss\u00fa, Pedra Branca, Quixad\u00e1, Cedro e Tau\u00e1.<\/p>\n\n\n\n<figure class=\"wp-block-image size-large\"><img loading=\"lazy\" decoding=\"async\" width=\"734\" height=\"418\" src=\"https:\/\/blogdorogeriogomes.com.br\/wp-content\/uploads\/2022\/03\/images-46.jpeg\" alt=\"\" class=\"wp-image-24638\" srcset=\"https:\/\/blogdorogeriogomes.com.br\/noticias\/wp-content\/uploads\/2022\/03\/images-46.jpeg 734w, https:\/\/blogdorogeriogomes.com.br\/noticias\/wp-content\/uploads\/2022\/03\/images-46-300x171.jpeg 300w\" sizes=\"auto, (max-width: 734px) 100vw, 734px\" \/><\/figure>\n","protected":false},"excerpt":{"rendered":"<p>Diante da diminui\u00e7\u00e3o dos casos de Covid-19, o Governo do Cear\u00e1 confirmou a realiza\u00e7\u00e3o da Exposi\u00e7\u00e3o Centro Nordestina de Animais no Crato (Expocrato) e outras feiras agropecu\u00e1rias no Cear\u00e1 ainda em 2022. O Festival Expocrato \u00e9 o principal evento e re\u00fane, al\u00e9m dos neg\u00f3cios no setor agropecu\u00e1rio, um desfile de artistas locais e nacionais. O evento deste ano est\u00e1 programado para o per\u00edodo entre 10 a 17 de julho, no Crato, na regi\u00e3o do Cariri. Alem da Expocrato 2022,&hellip;<\/p>\n","protected":false},"author":1,"featured_media":24638,"comment_status":"open","ping_status":"open","sticky":false,"template":"","format":"standard","meta":{"footnotes":""},"categories":[1],"tags":[],"class_list":["post-24637","post","type-post","status-publish","format-standard","has-post-thumbnail","hentry","category-noticias"],"_links":{"self":[{"href":"https:\/\/blogdorogeriogomes.com.br\/noticias\/wp-json\/wp\/v2\/posts\/24637","targetHints":{"allow":["GET"]}}],"collection":[{"href":"https:\/\/blogdorogeriogomes.com.br\/noticias\/wp-json\/wp\/v2\/posts"}],"about":[{"href":"https:\/\/blogdorogeriogomes.com.br\/noticias\/wp-json\/wp\/v2\/types\/post"}],"author":[{"embeddable":true,"href":"https:\/\/blogdorogeriogomes.com.br\/noticias\/wp-json\/wp\/v2\/users\/1"}],"replies":[{"embeddable":true,"href":"https:\/\/blogdorogeriogomes.com.br\/noticias\/wp-json\/wp\/v2\/comments?post=24637"}],"version-history":[{"count":1,"href":"https:\/\/blogdorogeriogomes.com.br\/noticias\/wp-json\/wp\/v2\/posts\/24637\/revisions"}],"predecessor-version":[{"id":24639,"href":"https:\/\/blogdorogeriogomes.com.br\/noticias\/wp-json\/wp\/v2\/posts\/24637\/revisions\/24639"}],"wp:featuredmedia":[{"embeddable":true,"href":"https:\/\/blogdorogeriogomes.com.br\/noticias\/wp-json\/wp\/v2\/media\/24638"}],"wp:attachment":[{"href":"https:\/\/blogdorogeriogomes.com.br\/noticias\/wp-json\/wp\/v2\/media?parent=24637"}],"wp:term":[{"taxonomy":"category","embeddable":true,"href":"https:\/\/blogdorogeriogomes.com.br\/noticias\/wp-json\/wp\/v2\/categories?post=24637"},{"taxonomy":"post_tag","embeddable":true,"href":"https:\/\/blogdorogeriogomes.com.br\/noticias\/wp-json\/wp\/v2\/tags?post=24637"}],"curies":[{"name":"wp","href":"https:\/\/api.w.org\/{rel}","templated":true}]}}