{"id":24640,"date":"2022-03-09T22:52:51","date_gmt":"2022-03-09T22:52:51","guid":{"rendered":"https:\/\/blogdorogeriogomes.com.br\/?p=24640"},"modified":"2022-03-14T09:30:02","modified_gmt":"2022-03-14T09:30:02","slug":"chapa-lula-alckmin-esta-praticamente-certa-mas-psb-nao-deve-fechar-federacao-com-pt","status":"publish","type":"post","link":"https:\/\/blogdorogeriogomes.com.br\/noticias\/2022\/03\/chapa-lula-alckmin-esta-praticamente-certa-mas-psb-nao-deve-fechar-federacao-com-pt\/","title":{"rendered":"Chapa Lula\/Alckmin est\u00e1 praticamente certa, mas PSB n\u00e3o deve fechar federa\u00e7\u00e3o com PT"},"content":{"rendered":"\n<p>A defini\u00e7\u00e3o da chapa presidencial com Lula e Geraldo Alckmin para 2022 est\u00e1 praticamente acertada, segundo os dirigentes partid\u00e1rios de PT e PSB. Mas os dois partidos n\u00e3o devem selar uma federa\u00e7\u00e3o para a disputa eleitoral nos estados. Assim, o PSB deve fechar apoio a Lula na corrida presidencial e manter\u00e1 candidaturas pr\u00f3prias nas disputas estaduais.<\/p>\n\n\n\n<p>Seguem conversando para formar a federa\u00e7\u00e3o as lideran\u00e7as de PT, PV e PC do B.&nbsp;Esta semana, o presidente nacional do PSB, Carlos Siqueira, se reuniu com Geraldo Alckmin, que deixou o PSDB, e diz ter fechado quest\u00e3o sobre a filia\u00e7\u00e3o do ex-tucano ao partido.<\/p>\n\n\n\n<p>Mesmo sem estar na federa\u00e7\u00e3o partid\u00e1ria com o PT, o PSB deve fechar a coliga\u00e7\u00e3o com o Partido dos Trabalhadores em alguns estados. S\u00e3o Paulo e Pernambuco s\u00e3o alguns deles que mant\u00eam negocia\u00e7\u00e3o.<\/p>\n\n\n\n<p>Nesta quarta-feira, dia 9 de mar\u00e7o, o Instituto Paran\u00e1 Pesquisas divulgou um novo levantamento sobre a disputa presidencial. Lula (PT) marca 38,9% das inten\u00e7\u00f5es de voto, seguido por Jair Bolsonaro (PL), com 30,9%. A terceira via segue distante de uma posi\u00e7\u00e3o competitiva: Sergio Moro (Podemos), 7,4%; Ciro Gomes (PDT), 6,8%; Jo\u00e3o Doria (PSDB), 2,2%; Eduardo Leite (PSDB), 1,3%; Andr\u00e9 Janones, 0,7%; Simone Tebet (MDB), 0,4%; e Alessandro Vieira, 0,1%.<\/p>\n\n\n\n<figure class=\"wp-block-image size-large\"><img loading=\"lazy\" decoding=\"async\" width=\"678\" height=\"452\" src=\"https:\/\/blogdorogeriogomes.com.br\/wp-content\/uploads\/2022\/03\/images-47.jpeg\" alt=\"\" class=\"wp-image-24641\" srcset=\"https:\/\/blogdorogeriogomes.com.br\/noticias\/wp-content\/uploads\/2022\/03\/images-47.jpeg 678w, https:\/\/blogdorogeriogomes.com.br\/noticias\/wp-content\/uploads\/2022\/03\/images-47-300x200.jpeg 300w\" sizes=\"auto, (max-width: 678px) 100vw, 678px\" \/><\/figure>\n","protected":false},"excerpt":{"rendered":"<p>A defini\u00e7\u00e3o da chapa presidencial com Lula e Geraldo Alckmin para 2022 est\u00e1 praticamente acertada, segundo os dirigentes partid\u00e1rios de PT e PSB. Mas os dois partidos n\u00e3o devem selar uma federa\u00e7\u00e3o para a disputa eleitoral nos estados. Assim, o PSB deve fechar apoio a Lula na corrida presidencial e manter\u00e1 candidaturas pr\u00f3prias nas disputas estaduais. Seguem conversando para formar a federa\u00e7\u00e3o as lideran\u00e7as de PT, PV e PC do B.&nbsp;Esta semana, o presidente nacional do PSB, Carlos Siqueira,&hellip;<\/p>\n","protected":false},"author":1,"featured_media":24641,"comment_status":"open","ping_status":"open","sticky":false,"template":"","format":"standard","meta":{"footnotes":""},"categories":[1],"tags":[],"class_list":["post-24640","post","type-post","status-publish","format-standard","has-post-thumbnail","hentry","category-noticias"],"_links":{"self":[{"href":"https:\/\/blogdorogeriogomes.com.br\/noticias\/wp-json\/wp\/v2\/posts\/24640","targetHints":{"allow":["GET"]}}],"collection":[{"href":"https:\/\/blogdorogeriogomes.com.br\/noticias\/wp-json\/wp\/v2\/posts"}],"about":[{"href":"https:\/\/blogdorogeriogomes.com.br\/noticias\/wp-json\/wp\/v2\/types\/post"}],"author":[{"embeddable":true,"href":"https:\/\/blogdorogeriogomes.com.br\/noticias\/wp-json\/wp\/v2\/users\/1"}],"replies":[{"embeddable":true,"href":"https:\/\/blogdorogeriogomes.com.br\/noticias\/wp-json\/wp\/v2\/comments?post=24640"}],"version-history":[{"count":2,"href":"https:\/\/blogdorogeriogomes.com.br\/noticias\/wp-json\/wp\/v2\/posts\/24640\/revisions"}],"predecessor-version":[{"id":24671,"href":"https:\/\/blogdorogeriogomes.com.br\/noticias\/wp-json\/wp\/v2\/posts\/24640\/revisions\/24671"}],"wp:featuredmedia":[{"embeddable":true,"href":"https:\/\/blogdorogeriogomes.com.br\/noticias\/wp-json\/wp\/v2\/media\/24641"}],"wp:attachment":[{"href":"https:\/\/blogdorogeriogomes.com.br\/noticias\/wp-json\/wp\/v2\/media?parent=24640"}],"wp:term":[{"taxonomy":"category","embeddable":true,"href":"https:\/\/blogdorogeriogomes.com.br\/noticias\/wp-json\/wp\/v2\/categories?post=24640"},{"taxonomy":"post_tag","embeddable":true,"href":"https:\/\/blogdorogeriogomes.com.br\/noticias\/wp-json\/wp\/v2\/tags?post=24640"}],"curies":[{"name":"wp","href":"https:\/\/api.w.org\/{rel}","templated":true}]}}