{"id":24646,"date":"2022-03-10T23:04:53","date_gmt":"2022-03-10T23:04:53","guid":{"rendered":"https:\/\/blogdorogeriogomes.com.br\/?p=24646"},"modified":"2022-03-14T09:29:32","modified_gmt":"2022-03-14T09:29:32","slug":"capitais-comecam-a-abolir-uso-de-mascara-facial-no-ceara-acessorio-continua-ainda-obrigatorio","status":"publish","type":"post","link":"https:\/\/blogdorogeriogomes.com.br\/noticias\/2022\/03\/capitais-comecam-a-abolir-uso-de-mascara-facial-no-ceara-acessorio-continua-ainda-obrigatorio\/","title":{"rendered":"Capitais come\u00e7am a abolir uso de m\u00e1scara facial. No Cear\u00e1, acess\u00f3rio continua ainda obrigat\u00f3rio"},"content":{"rendered":"\n<p>Baseados nos n\u00fameros que mostram queda na contamina\u00e7\u00e3o pelo coronav\u00edrus, pelo menos 11 capitais brasileiras j\u00e1 decidiram abolir a obrigatoriedade no uso de m\u00e1scaras faciais em ambientes abertos. Entre elas, tr\u00eas dispensaram tamb\u00e9m a utiliza\u00e7\u00e3o do acess\u00f3rio em lugares fechados: Rio de Janeiro, Natal e Bras\u00edlia. Em S\u00e3o Paulo, a maior capital do Pa\u00eds, a m\u00e1scara facial n\u00e3o \u00e9 mais obrigat\u00f3ria em ambientes abertos.<\/p>\n\n\n\n<p>No Cear\u00e1, o atual Decreto Estadual determina a obrigatoriedade no uso do acess\u00f3rio para circula\u00e7\u00e3o e acesso aos ambientes sob controle sanit\u00e1rio. O Comit\u00ea Estadual de Enfrentamento \u00e0 Covid-19 ainda n\u00e3o definiu data para a dispensa das m\u00e1scaras, porque considera a medida ainda precipitada. Setores como o de bares e restaurantes reivindicam que nos pr\u00f3ximos decretos, o acess\u00f3rio possa ser dispensado para os clientes.<\/p>\n\n\n\n<figure class=\"wp-block-image size-large\"><img loading=\"lazy\" decoding=\"async\" width=\"739\" height=\"415\" src=\"https:\/\/blogdorogeriogomes.com.br\/wp-content\/uploads\/2022\/03\/images-49.jpeg\" alt=\"\" class=\"wp-image-24647\" srcset=\"https:\/\/blogdorogeriogomes.com.br\/noticias\/wp-content\/uploads\/2022\/03\/images-49.jpeg 739w, https:\/\/blogdorogeriogomes.com.br\/noticias\/wp-content\/uploads\/2022\/03\/images-49-300x168.jpeg 300w\" sizes=\"auto, (max-width: 739px) 100vw, 739px\" \/><\/figure>\n","protected":false},"excerpt":{"rendered":"<p>Baseados nos n\u00fameros que mostram queda na contamina\u00e7\u00e3o pelo coronav\u00edrus, pelo menos 11 capitais brasileiras j\u00e1 decidiram abolir a obrigatoriedade no uso de m\u00e1scaras faciais em ambientes abertos. Entre elas, tr\u00eas dispensaram tamb\u00e9m a utiliza\u00e7\u00e3o do acess\u00f3rio em lugares fechados: Rio de Janeiro, Natal e Bras\u00edlia. Em S\u00e3o Paulo, a maior capital do Pa\u00eds, a m\u00e1scara facial n\u00e3o \u00e9 mais obrigat\u00f3ria em ambientes abertos. No Cear\u00e1, o atual Decreto Estadual determina a obrigatoriedade no uso do acess\u00f3rio para circula\u00e7\u00e3o&hellip;<\/p>\n","protected":false},"author":1,"featured_media":24647,"comment_status":"open","ping_status":"open","sticky":false,"template":"","format":"standard","meta":{"footnotes":""},"categories":[1],"tags":[],"class_list":["post-24646","post","type-post","status-publish","format-standard","has-post-thumbnail","hentry","category-noticias"],"_links":{"self":[{"href":"https:\/\/blogdorogeriogomes.com.br\/noticias\/wp-json\/wp\/v2\/posts\/24646","targetHints":{"allow":["GET"]}}],"collection":[{"href":"https:\/\/blogdorogeriogomes.com.br\/noticias\/wp-json\/wp\/v2\/posts"}],"about":[{"href":"https:\/\/blogdorogeriogomes.com.br\/noticias\/wp-json\/wp\/v2\/types\/post"}],"author":[{"embeddable":true,"href":"https:\/\/blogdorogeriogomes.com.br\/noticias\/wp-json\/wp\/v2\/users\/1"}],"replies":[{"embeddable":true,"href":"https:\/\/blogdorogeriogomes.com.br\/noticias\/wp-json\/wp\/v2\/comments?post=24646"}],"version-history":[{"count":1,"href":"https:\/\/blogdorogeriogomes.com.br\/noticias\/wp-json\/wp\/v2\/posts\/24646\/revisions"}],"predecessor-version":[{"id":24648,"href":"https:\/\/blogdorogeriogomes.com.br\/noticias\/wp-json\/wp\/v2\/posts\/24646\/revisions\/24648"}],"wp:featuredmedia":[{"embeddable":true,"href":"https:\/\/blogdorogeriogomes.com.br\/noticias\/wp-json\/wp\/v2\/media\/24647"}],"wp:attachment":[{"href":"https:\/\/blogdorogeriogomes.com.br\/noticias\/wp-json\/wp\/v2\/media?parent=24646"}],"wp:term":[{"taxonomy":"category","embeddable":true,"href":"https:\/\/blogdorogeriogomes.com.br\/noticias\/wp-json\/wp\/v2\/categories?post=24646"},{"taxonomy":"post_tag","embeddable":true,"href":"https:\/\/blogdorogeriogomes.com.br\/noticias\/wp-json\/wp\/v2\/tags?post=24646"}],"curies":[{"name":"wp","href":"https:\/\/api.w.org\/{rel}","templated":true}]}}