{"id":24649,"date":"2022-03-11T10:55:41","date_gmt":"2022-03-11T10:55:41","guid":{"rendered":"https:\/\/blogdorogeriogomes.com.br\/?p=24649"},"modified":"2022-03-14T09:29:21","modified_gmt":"2022-03-14T09:29:21","slug":"fortes-chuvas-atingem-varias-regioes-do-ceara-desde-a-madrugada","status":"publish","type":"post","link":"https:\/\/blogdorogeriogomes.com.br\/noticias\/2022\/03\/fortes-chuvas-atingem-varias-regioes-do-ceara-desde-a-madrugada\/","title":{"rendered":"Fortes chuvas atingem v\u00e1rias regi\u00f5es do Cear\u00e1 desde a madrugada"},"content":{"rendered":"\n<p>Desde a madrugada desta sexta-feira, dia 11 de mar\u00e7o, fortes chuvas atingem v\u00e1rias regi\u00f5es do Cear\u00e1. Os maiores volumes acumulados s\u00e3o no Litoral Norte, Ibiapaba, Cariri e sul do Sert\u00e3o Central e Inhamuns. O Instituto Nacional de Meteorologia (Inmet) emitiu um alerta para o risco de chuvas intensas e tamb\u00e9m fortes ventos.<\/p>\n\n\n\n<p>A Funceme prev\u00ea chuvas durante toda esta sexta-feira, incluindo Fortaleza. A Capital teve registro de rel\u00e2mpagos e trov\u00f5es. At\u00e9 \u00e0s 7 horas da manh\u00e3 de hoje as maiores precipita\u00e7\u00f5es foram em Arneiroz:&nbsp;61.5mm, Ocara:&nbsp;58mm, Beberibe:&nbsp;54mm, Pindoretama:&nbsp;52mm, e Frecheirinha:&nbsp;45mm.<\/p>\n\n\n\n<figure class=\"wp-block-image size-large\"><img loading=\"lazy\" decoding=\"async\" width=\"984\" height=\"656\" src=\"https:\/\/blogdorogeriogomes.com.br\/wp-content\/uploads\/2022\/03\/alaga-2.jpg\" alt=\"\" class=\"wp-image-24650\" srcset=\"https:\/\/blogdorogeriogomes.com.br\/noticias\/wp-content\/uploads\/2022\/03\/alaga-2.jpg 984w, https:\/\/blogdorogeriogomes.com.br\/noticias\/wp-content\/uploads\/2022\/03\/alaga-2-300x200.jpg 300w, https:\/\/blogdorogeriogomes.com.br\/noticias\/wp-content\/uploads\/2022\/03\/alaga-2-768x512.jpg 768w, https:\/\/blogdorogeriogomes.com.br\/noticias\/wp-content\/uploads\/2022\/03\/alaga-2-800x533.jpg 800w\" sizes=\"auto, (max-width: 984px) 100vw, 984px\" \/><\/figure>\n\n\n\n<p><\/p>\n\n\n\n<p><\/p>\n\n\n\n<p><\/p>\n\n\n\n<p><\/p>\n\n\n\n<p><br><br><\/p>\n\n\n\n<p><br><\/p>\n","protected":false},"excerpt":{"rendered":"<p>Desde a madrugada desta sexta-feira, dia 11 de mar\u00e7o, fortes chuvas atingem v\u00e1rias regi\u00f5es do Cear\u00e1. Os maiores volumes acumulados s\u00e3o no Litoral Norte, Ibiapaba, Cariri e sul do Sert\u00e3o Central e Inhamuns. O Instituto Nacional de Meteorologia (Inmet) emitiu um alerta para o risco de chuvas intensas e tamb\u00e9m fortes ventos. A Funceme prev\u00ea chuvas durante toda esta sexta-feira, incluindo Fortaleza. A Capital teve registro de rel\u00e2mpagos e trov\u00f5es. At\u00e9 \u00e0s 7 horas da manh\u00e3 de hoje as&hellip;<\/p>\n","protected":false},"author":1,"featured_media":24650,"comment_status":"open","ping_status":"open","sticky":false,"template":"","format":"standard","meta":{"footnotes":""},"categories":[1],"tags":[],"class_list":["post-24649","post","type-post","status-publish","format-standard","has-post-thumbnail","hentry","category-noticias"],"_links":{"self":[{"href":"https:\/\/blogdorogeriogomes.com.br\/noticias\/wp-json\/wp\/v2\/posts\/24649","targetHints":{"allow":["GET"]}}],"collection":[{"href":"https:\/\/blogdorogeriogomes.com.br\/noticias\/wp-json\/wp\/v2\/posts"}],"about":[{"href":"https:\/\/blogdorogeriogomes.com.br\/noticias\/wp-json\/wp\/v2\/types\/post"}],"author":[{"embeddable":true,"href":"https:\/\/blogdorogeriogomes.com.br\/noticias\/wp-json\/wp\/v2\/users\/1"}],"replies":[{"embeddable":true,"href":"https:\/\/blogdorogeriogomes.com.br\/noticias\/wp-json\/wp\/v2\/comments?post=24649"}],"version-history":[{"count":2,"href":"https:\/\/blogdorogeriogomes.com.br\/noticias\/wp-json\/wp\/v2\/posts\/24649\/revisions"}],"predecessor-version":[{"id":24669,"href":"https:\/\/blogdorogeriogomes.com.br\/noticias\/wp-json\/wp\/v2\/posts\/24649\/revisions\/24669"}],"wp:featuredmedia":[{"embeddable":true,"href":"https:\/\/blogdorogeriogomes.com.br\/noticias\/wp-json\/wp\/v2\/media\/24650"}],"wp:attachment":[{"href":"https:\/\/blogdorogeriogomes.com.br\/noticias\/wp-json\/wp\/v2\/media?parent=24649"}],"wp:term":[{"taxonomy":"category","embeddable":true,"href":"https:\/\/blogdorogeriogomes.com.br\/noticias\/wp-json\/wp\/v2\/categories?post=24649"},{"taxonomy":"post_tag","embeddable":true,"href":"https:\/\/blogdorogeriogomes.com.br\/noticias\/wp-json\/wp\/v2\/tags?post=24649"}],"curies":[{"name":"wp","href":"https:\/\/api.w.org\/{rel}","templated":true}]}}