{"id":24652,"date":"2022-03-11T11:16:27","date_gmt":"2022-03-11T11:16:27","guid":{"rendered":"https:\/\/blogdorogeriogomes.com.br\/?p=24652"},"modified":"2022-03-14T09:29:04","modified_gmt":"2022-03-14T09:29:04","slug":"camilo-santana-lanca-programa-integrado-de-prevencao-e-reducao-da-violencia-para-as-10-cidades-mais-populosas-do-ceara","status":"publish","type":"post","link":"https:\/\/blogdorogeriogomes.com.br\/noticias\/2022\/03\/camilo-santana-lanca-programa-integrado-de-prevencao-e-reducao-da-violencia-para-as-10-cidades-mais-populosas-do-ceara\/","title":{"rendered":"Camilo Santana lan\u00e7a Programa Integrado de Preven\u00e7\u00e3o e Redu\u00e7\u00e3o da Viol\u00eancia para as 10 cidades mais populosas do Cear\u00e1"},"content":{"rendered":"\n<p>O governador Camilo Santana lan\u00e7ou, nesta quinta-feira, dia 10 de mar\u00e7o, o Programa Integrado de Preven\u00e7\u00e3o e Redu\u00e7\u00e3o da Viol\u00eancia, uma expans\u00e3o do Pacto por um Cear\u00e1 Pac\u00edfico. Com investimento de R$ 350 milh\u00f5es, a iniciativa deve impactar mais de 100 mil jovens, mulheres, fam\u00edlias e grupos LGBTQI+ das 10 cidades cearenses mais populosas: Caucaia, Crato, Fortaleza, Iguatu, Itapipoca, Juazeiro do Norte, Maracana\u00fa, Maranguape, Quixad\u00e1 e Sobral.<\/p>\n\n\n\n<p>A iniciativa do programa ser\u00e1 fomentada a partir da preven\u00e7\u00e3o da viol\u00eancia juvenil e de g\u00eanero, fortalecimento da capacidade de preven\u00e7\u00e3o e investiga\u00e7\u00e3o policial, al\u00e9m do fortalecimento do sistema de medidas socioeducativas.&nbsp;<\/p>\n\n\n\n<p>Segundo Camilo Santana, o Programa promover\u00e1 a\u00e7\u00f5es territorializadas numa perspectiva de qualifica\u00e7\u00e3o das estruturas e das inst\u00e2ncias municipais de governo. A iniciativa combina a\u00e7\u00f5es de intelig\u00eancia policial e seguran\u00e7a p\u00fablica qualificada com iniciativas de preven\u00e7\u00e3o de comportamentos violentos, de fortalecimento de v\u00ednculos familiares, sociais e comunit\u00e1rios.&nbsp;<\/p>\n\n\n\n<figure class=\"wp-block-image size-large\"><img loading=\"lazy\" decoding=\"async\" width=\"1024\" height=\"684\" src=\"https:\/\/blogdorogeriogomes.com.br\/wp-content\/uploads\/2022\/03\/220310_LANC_PREVIO_CG9038-1200x802-1-1024x684.jpg\" alt=\"\" class=\"wp-image-24653\" srcset=\"https:\/\/blogdorogeriogomes.com.br\/noticias\/wp-content\/uploads\/2022\/03\/220310_LANC_PREVIO_CG9038-1200x802-1-1024x684.jpg 1024w, https:\/\/blogdorogeriogomes.com.br\/noticias\/wp-content\/uploads\/2022\/03\/220310_LANC_PREVIO_CG9038-1200x802-1-300x201.jpg 300w, https:\/\/blogdorogeriogomes.com.br\/noticias\/wp-content\/uploads\/2022\/03\/220310_LANC_PREVIO_CG9038-1200x802-1-768x513.jpg 768w, https:\/\/blogdorogeriogomes.com.br\/noticias\/wp-content\/uploads\/2022\/03\/220310_LANC_PREVIO_CG9038-1200x802-1-800x535.jpg 800w, https:\/\/blogdorogeriogomes.com.br\/noticias\/wp-content\/uploads\/2022\/03\/220310_LANC_PREVIO_CG9038-1200x802-1.jpg 1200w\" sizes=\"auto, (max-width: 1024px) 100vw, 1024px\" \/><\/figure>\n","protected":false},"excerpt":{"rendered":"<p>O governador Camilo Santana lan\u00e7ou, nesta quinta-feira, dia 10 de mar\u00e7o, o Programa Integrado de Preven\u00e7\u00e3o e Redu\u00e7\u00e3o da Viol\u00eancia, uma expans\u00e3o do Pacto por um Cear\u00e1 Pac\u00edfico. Com investimento de R$ 350 milh\u00f5es, a iniciativa deve impactar mais de 100 mil jovens, mulheres, fam\u00edlias e grupos LGBTQI+ das 10 cidades cearenses mais populosas: Caucaia, Crato, Fortaleza, Iguatu, Itapipoca, Juazeiro do Norte, Maracana\u00fa, Maranguape, Quixad\u00e1 e Sobral. A iniciativa do programa ser\u00e1 fomentada a partir da preven\u00e7\u00e3o da viol\u00eancia&hellip;<\/p>\n","protected":false},"author":1,"featured_media":24653,"comment_status":"open","ping_status":"open","sticky":false,"template":"","format":"standard","meta":{"footnotes":""},"categories":[1],"tags":[],"class_list":["post-24652","post","type-post","status-publish","format-standard","has-post-thumbnail","hentry","category-noticias"],"_links":{"self":[{"href":"https:\/\/blogdorogeriogomes.com.br\/noticias\/wp-json\/wp\/v2\/posts\/24652","targetHints":{"allow":["GET"]}}],"collection":[{"href":"https:\/\/blogdorogeriogomes.com.br\/noticias\/wp-json\/wp\/v2\/posts"}],"about":[{"href":"https:\/\/blogdorogeriogomes.com.br\/noticias\/wp-json\/wp\/v2\/types\/post"}],"author":[{"embeddable":true,"href":"https:\/\/blogdorogeriogomes.com.br\/noticias\/wp-json\/wp\/v2\/users\/1"}],"replies":[{"embeddable":true,"href":"https:\/\/blogdorogeriogomes.com.br\/noticias\/wp-json\/wp\/v2\/comments?post=24652"}],"version-history":[{"count":2,"href":"https:\/\/blogdorogeriogomes.com.br\/noticias\/wp-json\/wp\/v2\/posts\/24652\/revisions"}],"predecessor-version":[{"id":24668,"href":"https:\/\/blogdorogeriogomes.com.br\/noticias\/wp-json\/wp\/v2\/posts\/24652\/revisions\/24668"}],"wp:featuredmedia":[{"embeddable":true,"href":"https:\/\/blogdorogeriogomes.com.br\/noticias\/wp-json\/wp\/v2\/media\/24653"}],"wp:attachment":[{"href":"https:\/\/blogdorogeriogomes.com.br\/noticias\/wp-json\/wp\/v2\/media?parent=24652"}],"wp:term":[{"taxonomy":"category","embeddable":true,"href":"https:\/\/blogdorogeriogomes.com.br\/noticias\/wp-json\/wp\/v2\/categories?post=24652"},{"taxonomy":"post_tag","embeddable":true,"href":"https:\/\/blogdorogeriogomes.com.br\/noticias\/wp-json\/wp\/v2\/tags?post=24652"}],"curies":[{"name":"wp","href":"https:\/\/api.w.org\/{rel}","templated":true}]}}