{"id":24659,"date":"2022-03-11T23:18:53","date_gmt":"2022-03-11T23:18:53","guid":{"rendered":"https:\/\/blogdorogeriogomes.com.br\/?p=24659"},"modified":"2022-03-14T09:27:48","modified_gmt":"2022-03-14T09:27:48","slug":"flexibilizacao-no-uso-de-mascaras-no-ceara-so-sera-discutida-na-proxima-semana","status":"publish","type":"post","link":"https:\/\/blogdorogeriogomes.com.br\/noticias\/2022\/03\/flexibilizacao-no-uso-de-mascaras-no-ceara-so-sera-discutida-na-proxima-semana\/","title":{"rendered":"Flexibiliza\u00e7\u00e3o no uso de m\u00e1scaras no Cear\u00e1 s\u00f3 ser\u00e1 discutida na pr\u00f3xima semana"},"content":{"rendered":"\n<p>Pelo menos at\u00e9 o dia 20 de mar\u00e7o a utiliza\u00e7\u00e3o de m\u00e1scaras faciais para coibir a prolifera\u00e7\u00e3o do coronav\u00edrus continua obrigat\u00f3ria no Cear\u00e1, segundo o que determina o Decreto Estadual.<\/p>\n\n\n\n<p>A determina\u00e7\u00e3o de liberar sem limite o p\u00fablico em eventos sociais, festivos e religiosos, mediante a cobran\u00e7a do uso de m\u00e1scaras e do passaporte de vacina\u00e7\u00e3o com tr\u00eas doses, foi renovada at\u00e9 o dia 20.<\/p>\n\n\n\n<p>Segundo o Comit\u00ea Estadual de Enfrentamento \u00e0 Covid-19, os n\u00fameros da Covid seguem em queda no Cear\u00e1. O estado segue em quarto lugar no pa\u00eds no percentual da popula\u00e7\u00e3o imunizada.<\/p>\n\n\n\n<p>&#8220;Durante a semana seguiremos acompanhando a evolu\u00e7\u00e3o dos n\u00fameros para, na reuni\u00e3o da semana que vem, discutirmos a possibilidade de flexibiliza\u00e7\u00e3o do uso de m\u00e1scaras em locais abertos. Reitero, mais uma vez, que todas as nossas decis\u00f5es s\u00e3o baseadas na ci\u00eancia&#8221;, disse o governador Camilo Santana.<\/p>\n\n\n\n<figure class=\"wp-block-image size-large\"><img loading=\"lazy\" decoding=\"async\" width=\"1024\" height=\"700\" src=\"https:\/\/blogdorogeriogomes.com.br\/wp-content\/uploads\/2022\/03\/IMG-20220311-WA0228-1024x700.jpg\" alt=\"\" class=\"wp-image-24660\" srcset=\"https:\/\/blogdorogeriogomes.com.br\/noticias\/wp-content\/uploads\/2022\/03\/IMG-20220311-WA0228-1024x700.jpg 1024w, https:\/\/blogdorogeriogomes.com.br\/noticias\/wp-content\/uploads\/2022\/03\/IMG-20220311-WA0228-300x205.jpg 300w, https:\/\/blogdorogeriogomes.com.br\/noticias\/wp-content\/uploads\/2022\/03\/IMG-20220311-WA0228-768x525.jpg 768w, https:\/\/blogdorogeriogomes.com.br\/noticias\/wp-content\/uploads\/2022\/03\/IMG-20220311-WA0228-800x547.jpg 800w, https:\/\/blogdorogeriogomes.com.br\/noticias\/wp-content\/uploads\/2022\/03\/IMG-20220311-WA0228.jpg 1080w\" sizes=\"auto, (max-width: 1024px) 100vw, 1024px\" \/><\/figure>\n\n\n\n<p><\/p>\n","protected":false},"excerpt":{"rendered":"<p>Pelo menos at\u00e9 o dia 20 de mar\u00e7o a utiliza\u00e7\u00e3o de m\u00e1scaras faciais para coibir a prolifera\u00e7\u00e3o do coronav\u00edrus continua obrigat\u00f3ria no Cear\u00e1, segundo o que determina o Decreto Estadual. A determina\u00e7\u00e3o de liberar sem limite o p\u00fablico em eventos sociais, festivos e religiosos, mediante a cobran\u00e7a do uso de m\u00e1scaras e do passaporte de vacina\u00e7\u00e3o com tr\u00eas doses, foi renovada at\u00e9 o dia 20. Segundo o Comit\u00ea Estadual de Enfrentamento \u00e0 Covid-19, os n\u00fameros da Covid seguem em&hellip;<\/p>\n","protected":false},"author":1,"featured_media":24660,"comment_status":"open","ping_status":"open","sticky":false,"template":"","format":"standard","meta":{"footnotes":""},"categories":[1],"tags":[],"class_list":["post-24659","post","type-post","status-publish","format-standard","has-post-thumbnail","hentry","category-noticias"],"_links":{"self":[{"href":"https:\/\/blogdorogeriogomes.com.br\/noticias\/wp-json\/wp\/v2\/posts\/24659","targetHints":{"allow":["GET"]}}],"collection":[{"href":"https:\/\/blogdorogeriogomes.com.br\/noticias\/wp-json\/wp\/v2\/posts"}],"about":[{"href":"https:\/\/blogdorogeriogomes.com.br\/noticias\/wp-json\/wp\/v2\/types\/post"}],"author":[{"embeddable":true,"href":"https:\/\/blogdorogeriogomes.com.br\/noticias\/wp-json\/wp\/v2\/users\/1"}],"replies":[{"embeddable":true,"href":"https:\/\/blogdorogeriogomes.com.br\/noticias\/wp-json\/wp\/v2\/comments?post=24659"}],"version-history":[{"count":1,"href":"https:\/\/blogdorogeriogomes.com.br\/noticias\/wp-json\/wp\/v2\/posts\/24659\/revisions"}],"predecessor-version":[{"id":24661,"href":"https:\/\/blogdorogeriogomes.com.br\/noticias\/wp-json\/wp\/v2\/posts\/24659\/revisions\/24661"}],"wp:featuredmedia":[{"embeddable":true,"href":"https:\/\/blogdorogeriogomes.com.br\/noticias\/wp-json\/wp\/v2\/media\/24660"}],"wp:attachment":[{"href":"https:\/\/blogdorogeriogomes.com.br\/noticias\/wp-json\/wp\/v2\/media?parent=24659"}],"wp:term":[{"taxonomy":"category","embeddable":true,"href":"https:\/\/blogdorogeriogomes.com.br\/noticias\/wp-json\/wp\/v2\/categories?post=24659"},{"taxonomy":"post_tag","embeddable":true,"href":"https:\/\/blogdorogeriogomes.com.br\/noticias\/wp-json\/wp\/v2\/tags?post=24659"}],"curies":[{"name":"wp","href":"https:\/\/api.w.org\/{rel}","templated":true}]}}