{"id":24675,"date":"2022-03-14T11:51:57","date_gmt":"2022-03-14T11:51:57","guid":{"rendered":"https:\/\/blogdorogeriogomes.com.br\/?p=24675"},"modified":"2022-03-14T15:30:53","modified_gmt":"2022-03-14T15:30:53","slug":"pdt-realiza-mais-dois-encontros-regionais-e-busca-consenso-para-escolha-do-nome-do-candidato-que-concorrera-ao-governo-do-estado","status":"publish","type":"post","link":"https:\/\/blogdorogeriogomes.com.br\/noticias\/2022\/03\/pdt-realiza-mais-dois-encontros-regionais-e-busca-consenso-para-escolha-do-nome-do-candidato-que-concorrera-ao-governo-do-estado\/","title":{"rendered":"PDT realiza mais dois encontros regionais e busca consenso para escolha do nome do candidato que concorrer\u00e1 ao Governo do Estado"},"content":{"rendered":"\n<p>O PDT estadual realizou mais dois encontros regionais no \u00faltimo fim de semana em Pacajus e Paracuru. O partido tenta amadurecer a escolha do nome do candidato que concorrer\u00e1 ao Governo do Cear\u00e1 em outubro. O candidato governista deve sair da legenda. Izolda Cela, Roberto Cl\u00e1udio, Mauro Filho e Evandro Leit\u00e3o s\u00e3o os nomes cotados. Os quatro participaram dos encontros regionais, que t\u00eam objetivo de discutir com a base quem deve ser o melhor candidato e a plataforma de propostas para um novo governo.<\/p>\n\n\n\n<p>A vice-governadora Izolda Cela vive a expectativa de assumir o Pal\u00e1cio da Aboli\u00e7\u00e3o no in\u00edcio de abril, quando o governador Camilo Santana (PT) deve renunciar ao mandato para poder concorrer ao Senado em outubro. Mesmo assumindo o Governo, Izolda Cela poder\u00e1 ser a candidata do PDT em outubro. <\/p>\n\n\n\n<p>&#8220;\u00c9 um governo de que eu participo h\u00e1 mais de sete anos e estou integralmente dedicada a isso, estou ajudando naquilo que posso, acompanhando as situa\u00e7\u00f5es, lidando com as grandes dificuldades que n\u00f3s superamos. Minha expectativa e o que mais me desafia \u00e9 poder garantir a sequ\u00eancia das realiza\u00e7\u00f5es, as entregas com as quais n\u00f3s nos comprometemos at\u00e9 o final dessa gest\u00e3o&#8221;, declarou Izolda Cela.<br><\/p>\n\n\n\n<figure class=\"wp-block-image size-large\"><img loading=\"lazy\" decoding=\"async\" width=\"1024\" height=\"943\" src=\"https:\/\/blogdorogeriogomes.com.br\/wp-content\/uploads\/2022\/03\/IMG-20220314-WA0024-1024x943.jpg\" alt=\"\" class=\"wp-image-24676\" srcset=\"https:\/\/blogdorogeriogomes.com.br\/noticias\/wp-content\/uploads\/2022\/03\/IMG-20220314-WA0024-1024x943.jpg 1024w, https:\/\/blogdorogeriogomes.com.br\/noticias\/wp-content\/uploads\/2022\/03\/IMG-20220314-WA0024-300x276.jpg 300w, https:\/\/blogdorogeriogomes.com.br\/noticias\/wp-content\/uploads\/2022\/03\/IMG-20220314-WA0024-768x708.jpg 768w, https:\/\/blogdorogeriogomes.com.br\/noticias\/wp-content\/uploads\/2022\/03\/IMG-20220314-WA0024-800x737.jpg 800w, https:\/\/blogdorogeriogomes.com.br\/noticias\/wp-content\/uploads\/2022\/03\/IMG-20220314-WA0024.jpg 1080w\" sizes=\"auto, (max-width: 1024px) 100vw, 1024px\" \/><\/figure>\n","protected":false},"excerpt":{"rendered":"<p>O PDT estadual realizou mais dois encontros regionais no \u00faltimo fim de semana em Pacajus e Paracuru. O partido tenta amadurecer a escolha do nome do candidato que concorrer\u00e1 ao Governo do Cear\u00e1 em outubro. O candidato governista deve sair da legenda. Izolda Cela, Roberto Cl\u00e1udio, Mauro Filho e Evandro Leit\u00e3o s\u00e3o os nomes cotados. Os quatro participaram dos encontros regionais, que t\u00eam objetivo de discutir com a base quem deve ser o melhor candidato e a plataforma de&hellip;<\/p>\n","protected":false},"author":1,"featured_media":24676,"comment_status":"open","ping_status":"open","sticky":false,"template":"","format":"standard","meta":{"footnotes":""},"categories":[1],"tags":[],"class_list":["post-24675","post","type-post","status-publish","format-standard","has-post-thumbnail","hentry","category-noticias"],"_links":{"self":[{"href":"https:\/\/blogdorogeriogomes.com.br\/noticias\/wp-json\/wp\/v2\/posts\/24675","targetHints":{"allow":["GET"]}}],"collection":[{"href":"https:\/\/blogdorogeriogomes.com.br\/noticias\/wp-json\/wp\/v2\/posts"}],"about":[{"href":"https:\/\/blogdorogeriogomes.com.br\/noticias\/wp-json\/wp\/v2\/types\/post"}],"author":[{"embeddable":true,"href":"https:\/\/blogdorogeriogomes.com.br\/noticias\/wp-json\/wp\/v2\/users\/1"}],"replies":[{"embeddable":true,"href":"https:\/\/blogdorogeriogomes.com.br\/noticias\/wp-json\/wp\/v2\/comments?post=24675"}],"version-history":[{"count":1,"href":"https:\/\/blogdorogeriogomes.com.br\/noticias\/wp-json\/wp\/v2\/posts\/24675\/revisions"}],"predecessor-version":[{"id":24677,"href":"https:\/\/blogdorogeriogomes.com.br\/noticias\/wp-json\/wp\/v2\/posts\/24675\/revisions\/24677"}],"wp:featuredmedia":[{"embeddable":true,"href":"https:\/\/blogdorogeriogomes.com.br\/noticias\/wp-json\/wp\/v2\/media\/24676"}],"wp:attachment":[{"href":"https:\/\/blogdorogeriogomes.com.br\/noticias\/wp-json\/wp\/v2\/media?parent=24675"}],"wp:term":[{"taxonomy":"category","embeddable":true,"href":"https:\/\/blogdorogeriogomes.com.br\/noticias\/wp-json\/wp\/v2\/categories?post=24675"},{"taxonomy":"post_tag","embeddable":true,"href":"https:\/\/blogdorogeriogomes.com.br\/noticias\/wp-json\/wp\/v2\/tags?post=24675"}],"curies":[{"name":"wp","href":"https:\/\/api.w.org\/{rel}","templated":true}]}}