{"id":24681,"date":"2022-03-14T22:50:43","date_gmt":"2022-03-14T22:50:43","guid":{"rendered":"https:\/\/blogdorogeriogomes.com.br\/?p=24681"},"modified":"2022-03-15T11:09:16","modified_gmt":"2022-03-15T11:09:16","slug":"metrofor-lanca-edital-de-concurso-com-inscricoes-a-partir-de-21-de-marco","status":"publish","type":"post","link":"https:\/\/blogdorogeriogomes.com.br\/noticias\/2022\/03\/metrofor-lanca-edital-de-concurso-com-inscricoes-a-partir-de-21-de-marco\/","title":{"rendered":"Metrofor lan\u00e7a edital de concurso com inscri\u00e7\u00f5es a partir de 21 de mar\u00e7o"},"content":{"rendered":"\n<p>A Comiss\u00e3o Executiva do Vestibular (CEV) da Universidade Estadual do Cear\u00e1 (Uece) divulgou a data da prova do concurso do Metrofor, que oferta 150 vagas em diversas \u00e1reas, entre Ensino M\u00e9dio, T\u00e9cnico e Superior. Os sal\u00e1rios chegam a R$ 3.731,61.&nbsp;A aplica\u00e7\u00e3o das provas objetivas ocorre no dia 12 de junho no turno da manh\u00e3.<\/p>\n\n\n\n<p>As&nbsp;inscri\u00e7\u00f5es v\u00e3o ser realizadas a partir de 21 de mar\u00e7o e seguem at\u00e9 19 de abril&nbsp;pelo site da Funda\u00e7\u00e3o Universidade Estadual do Cear\u00e1, que \u00e9 a realizadora da sele\u00e7\u00e3o.&nbsp;<\/p>\n\n\n\n<figure class=\"wp-block-image size-large\"><img loading=\"lazy\" decoding=\"async\" width=\"984\" height=\"655\" src=\"https:\/\/blogdorogeriogomes.com.br\/wp-content\/uploads\/2022\/03\/vlt-sobral.jpg\" alt=\"\" class=\"wp-image-24682\" srcset=\"https:\/\/blogdorogeriogomes.com.br\/noticias\/wp-content\/uploads\/2022\/03\/vlt-sobral.jpg 984w, https:\/\/blogdorogeriogomes.com.br\/noticias\/wp-content\/uploads\/2022\/03\/vlt-sobral-300x200.jpg 300w, https:\/\/blogdorogeriogomes.com.br\/noticias\/wp-content\/uploads\/2022\/03\/vlt-sobral-768x511.jpg 768w, https:\/\/blogdorogeriogomes.com.br\/noticias\/wp-content\/uploads\/2022\/03\/vlt-sobral-800x533.jpg 800w\" sizes=\"auto, (max-width: 984px) 100vw, 984px\" \/><\/figure>\n","protected":false},"excerpt":{"rendered":"<p>A Comiss\u00e3o Executiva do Vestibular (CEV) da Universidade Estadual do Cear\u00e1 (Uece) divulgou a data da prova do concurso do Metrofor, que oferta 150 vagas em diversas \u00e1reas, entre Ensino M\u00e9dio, T\u00e9cnico e Superior. Os sal\u00e1rios chegam a R$ 3.731,61.&nbsp;A aplica\u00e7\u00e3o das provas objetivas ocorre no dia 12 de junho no turno da manh\u00e3. As&nbsp;inscri\u00e7\u00f5es v\u00e3o ser realizadas a partir de 21 de mar\u00e7o e seguem at\u00e9 19 de abril&nbsp;pelo site da Funda\u00e7\u00e3o Universidade Estadual do Cear\u00e1, que \u00e9&hellip;<\/p>\n","protected":false},"author":1,"featured_media":24682,"comment_status":"open","ping_status":"open","sticky":false,"template":"","format":"standard","meta":{"footnotes":""},"categories":[1],"tags":[],"class_list":["post-24681","post","type-post","status-publish","format-standard","has-post-thumbnail","hentry","category-noticias"],"_links":{"self":[{"href":"https:\/\/blogdorogeriogomes.com.br\/noticias\/wp-json\/wp\/v2\/posts\/24681","targetHints":{"allow":["GET"]}}],"collection":[{"href":"https:\/\/blogdorogeriogomes.com.br\/noticias\/wp-json\/wp\/v2\/posts"}],"about":[{"href":"https:\/\/blogdorogeriogomes.com.br\/noticias\/wp-json\/wp\/v2\/types\/post"}],"author":[{"embeddable":true,"href":"https:\/\/blogdorogeriogomes.com.br\/noticias\/wp-json\/wp\/v2\/users\/1"}],"replies":[{"embeddable":true,"href":"https:\/\/blogdorogeriogomes.com.br\/noticias\/wp-json\/wp\/v2\/comments?post=24681"}],"version-history":[{"count":2,"href":"https:\/\/blogdorogeriogomes.com.br\/noticias\/wp-json\/wp\/v2\/posts\/24681\/revisions"}],"predecessor-version":[{"id":24687,"href":"https:\/\/blogdorogeriogomes.com.br\/noticias\/wp-json\/wp\/v2\/posts\/24681\/revisions\/24687"}],"wp:featuredmedia":[{"embeddable":true,"href":"https:\/\/blogdorogeriogomes.com.br\/noticias\/wp-json\/wp\/v2\/media\/24682"}],"wp:attachment":[{"href":"https:\/\/blogdorogeriogomes.com.br\/noticias\/wp-json\/wp\/v2\/media?parent=24681"}],"wp:term":[{"taxonomy":"category","embeddable":true,"href":"https:\/\/blogdorogeriogomes.com.br\/noticias\/wp-json\/wp\/v2\/categories?post=24681"},{"taxonomy":"post_tag","embeddable":true,"href":"https:\/\/blogdorogeriogomes.com.br\/noticias\/wp-json\/wp\/v2\/tags?post=24681"}],"curies":[{"name":"wp","href":"https:\/\/api.w.org\/{rel}","templated":true}]}}