{"id":24684,"date":"2022-03-15T11:07:49","date_gmt":"2022-03-15T11:07:49","guid":{"rendered":"https:\/\/blogdorogeriogomes.com.br\/?p=24684"},"modified":"2022-03-15T11:09:45","modified_gmt":"2022-03-15T11:09:45","slug":"eleicoes-na-fecomercio-sao-confirmadas-para-5-de-abril","status":"publish","type":"post","link":"https:\/\/blogdorogeriogomes.com.br\/noticias\/2022\/03\/eleicoes-na-fecomercio-sao-confirmadas-para-5-de-abril\/","title":{"rendered":"Elei\u00e7\u00f5es na Fecomercio s\u00e3o confirmadas para 5 de abril"},"content":{"rendered":"\n<p>As elei\u00e7\u00f5es para a presid\u00eancia do Sistema Fecom\u00e9rcio est\u00e3o confirmadas para o pr\u00f3ximo m\u00eas. A Justi\u00e7a do Trabalho confirmou a realiza\u00e7\u00e3o das elei\u00e7\u00f5es da diretoria da Federa\u00e7\u00e3o do Com\u00e9rcio do Estado do Cear\u00e1 para o dia 5 de abril. O juiz do Trabalho, Francisco Gerardo de Souza J\u00fanior, que havia concedido liminar suspendendo o processo eleitoral, revogou a decis\u00e3o. <\/p>\n\n\n\n<p>Dois candidatos est\u00e3o na disputa: o atual presidente Luiz Gast\u00e3o Bittencourt da Silva e o atual vice-presidente da Fecom\u00e9rcio, Maur\u00edcio Cavalcante Filizola, que encabe\u00e7a a outra chapa. Ser\u00e1 a primeira vez nos 75 anos da Fecom\u00e9rcio que haver\u00e1 disputa entre duas chapas.<br>Luiz Gast\u00e3o encabe\u00e7a a chapa \u201cUni\u00e3o e Gest\u00e3o: A Fecom\u00e9rcio que nos representa\u201d. Maur\u00edcio Filizola \u00e9 um dos l\u00edderes do setor varejista de produtos farmac\u00eauticos no Cear\u00e1. Ele encabe\u00e7a a chapa \u201cRenova\u00e7\u00e3o e Liberta\u00e7\u00e3o\u201d.<br>A Fecom\u00e9rcio no Cear\u00e1 re\u00fane 34 sindicados filiados das mais diversas categorias econ\u00f4micas do Com\u00e9rcio de Bens, Servi\u00e7os e Turismo e movimenta uma receita anual de cerca de R$ 400 milh\u00f5es de reais.<\/p>\n\n\n\n<figure class=\"wp-block-image size-large\"><img loading=\"lazy\" decoding=\"async\" width=\"758\" height=\"404\" src=\"https:\/\/blogdorogeriogomes.com.br\/wp-content\/uploads\/2022\/03\/images-51.jpeg\" alt=\"\" class=\"wp-image-24685\" srcset=\"https:\/\/blogdorogeriogomes.com.br\/noticias\/wp-content\/uploads\/2022\/03\/images-51.jpeg 758w, https:\/\/blogdorogeriogomes.com.br\/noticias\/wp-content\/uploads\/2022\/03\/images-51-300x160.jpeg 300w\" sizes=\"auto, (max-width: 758px) 100vw, 758px\" \/><\/figure>\n\n\n\n<h1 class=\"wp-block-heading\"><\/h1>\n","protected":false},"excerpt":{"rendered":"<p>As elei\u00e7\u00f5es para a presid\u00eancia do Sistema Fecom\u00e9rcio est\u00e3o confirmadas para o pr\u00f3ximo m\u00eas. A Justi\u00e7a do Trabalho confirmou a realiza\u00e7\u00e3o das elei\u00e7\u00f5es da diretoria da Federa\u00e7\u00e3o do Com\u00e9rcio do Estado do Cear\u00e1 para o dia 5 de abril. O juiz do Trabalho, Francisco Gerardo de Souza J\u00fanior, que havia concedido liminar suspendendo o processo eleitoral, revogou a decis\u00e3o. Dois candidatos est\u00e3o na disputa: o atual presidente Luiz Gast\u00e3o Bittencourt da Silva e o atual vice-presidente da Fecom\u00e9rcio, Maur\u00edcio&hellip;<\/p>\n","protected":false},"author":1,"featured_media":24685,"comment_status":"open","ping_status":"open","sticky":false,"template":"","format":"standard","meta":{"footnotes":""},"categories":[1],"tags":[],"class_list":["post-24684","post","type-post","status-publish","format-standard","has-post-thumbnail","hentry","category-noticias"],"_links":{"self":[{"href":"https:\/\/blogdorogeriogomes.com.br\/noticias\/wp-json\/wp\/v2\/posts\/24684","targetHints":{"allow":["GET"]}}],"collection":[{"href":"https:\/\/blogdorogeriogomes.com.br\/noticias\/wp-json\/wp\/v2\/posts"}],"about":[{"href":"https:\/\/blogdorogeriogomes.com.br\/noticias\/wp-json\/wp\/v2\/types\/post"}],"author":[{"embeddable":true,"href":"https:\/\/blogdorogeriogomes.com.br\/noticias\/wp-json\/wp\/v2\/users\/1"}],"replies":[{"embeddable":true,"href":"https:\/\/blogdorogeriogomes.com.br\/noticias\/wp-json\/wp\/v2\/comments?post=24684"}],"version-history":[{"count":1,"href":"https:\/\/blogdorogeriogomes.com.br\/noticias\/wp-json\/wp\/v2\/posts\/24684\/revisions"}],"predecessor-version":[{"id":24686,"href":"https:\/\/blogdorogeriogomes.com.br\/noticias\/wp-json\/wp\/v2\/posts\/24684\/revisions\/24686"}],"wp:featuredmedia":[{"embeddable":true,"href":"https:\/\/blogdorogeriogomes.com.br\/noticias\/wp-json\/wp\/v2\/media\/24685"}],"wp:attachment":[{"href":"https:\/\/blogdorogeriogomes.com.br\/noticias\/wp-json\/wp\/v2\/media?parent=24684"}],"wp:term":[{"taxonomy":"category","embeddable":true,"href":"https:\/\/blogdorogeriogomes.com.br\/noticias\/wp-json\/wp\/v2\/categories?post=24684"},{"taxonomy":"post_tag","embeddable":true,"href":"https:\/\/blogdorogeriogomes.com.br\/noticias\/wp-json\/wp\/v2\/tags?post=24684"}],"curies":[{"name":"wp","href":"https:\/\/api.w.org\/{rel}","templated":true}]}}