{"id":24689,"date":"2022-03-15T11:39:41","date_gmt":"2022-03-15T11:39:41","guid":{"rendered":"https:\/\/blogdorogeriogomes.com.br\/?p=24689"},"modified":"2022-03-16T16:24:36","modified_gmt":"2022-03-16T16:24:36","slug":"liberacao-das-mascaras-deve-acontecer-em-ambientes-especificos-diz-secretario-da-saude-do-estado","status":"publish","type":"post","link":"https:\/\/blogdorogeriogomes.com.br\/noticias\/2022\/03\/liberacao-das-mascaras-deve-acontecer-em-ambientes-especificos-diz-secretario-da-saude-do-estado\/","title":{"rendered":"Libera\u00e7\u00e3o das m\u00e1scaras deve acontecer em ambientes espec\u00edficos, diz secret\u00e1rio da Sa\u00fade do Estado"},"content":{"rendered":"\n<p>O secret\u00e1rio da Sa\u00fade do Cear\u00e1, Marcos Gadelha, defende que a flexibiliza\u00e7\u00e3o no uso de m\u00e1scaras faciais no Estado deve acontecer em ambientes espec\u00edficos. O assunto deve ser o tema da reuni\u00e3o do Comit\u00ea Estadual de Enfrentamento \u00e0 Covid-19 na pr\u00f3xima sexta-feira, dia 18 de mar\u00e7o. Segundo Marcos Gadelha, ambientes com alto risco de transmiss\u00e3o, como hospitais, devem continuar com uso de m\u00e1scara obrigat\u00f3rio. At\u00e9 o dia 20 de mar\u00e7o, o Decreto Estadual determina obrigatoriedade do uso das m\u00e1scaras em todo o Cear\u00e1.<\/p>\n\n\n\n<p>Marcos Gadelha avalia que em ambientes abertos \u00e9 poss\u00edvel que aconte\u00e7a a libera\u00e7\u00e3o da m\u00e1scara pela menor possibilidade de cont\u00e1gio com o coronav\u00edrus. \u201cExistem alguns setores que a gente sabe que existe maior risco de circula\u00e7\u00e3o viral. O ambiente hospitalar \u00e9 um exemplo. S\u00e3o ambientes onde voc\u00ea acumula pessoas e que l\u00e1 existem probabilidades maiores de circula\u00e7\u00e3o do v\u00edrus\u201d, afirmou o secret\u00e1rio de Sa\u00fade do Cear\u00e1.<\/p>\n\n\n\n<p>Belo Horizonte, Boa Vista, Bras\u00edlia, Macap\u00e1, S\u00e3o Luiz, Rio de Janeiro, S\u00e3o Paulo e Teresina j\u00e1 flexibilizaram o uso da m\u00e1scara em ambientes abertos.<\/p>\n\n\n\n<figure class=\"wp-block-image size-large\"><img loading=\"lazy\" decoding=\"async\" width=\"739\" height=\"415\" src=\"https:\/\/blogdorogeriogomes.com.br\/wp-content\/uploads\/2022\/03\/images-52.jpeg\" alt=\"\" class=\"wp-image-24690\" srcset=\"https:\/\/blogdorogeriogomes.com.br\/noticias\/wp-content\/uploads\/2022\/03\/images-52.jpeg 739w, https:\/\/blogdorogeriogomes.com.br\/noticias\/wp-content\/uploads\/2022\/03\/images-52-300x168.jpeg 300w\" sizes=\"auto, (max-width: 739px) 100vw, 739px\" \/><\/figure>\n","protected":false},"excerpt":{"rendered":"<p>O secret\u00e1rio da Sa\u00fade do Cear\u00e1, Marcos Gadelha, defende que a flexibiliza\u00e7\u00e3o no uso de m\u00e1scaras faciais no Estado deve acontecer em ambientes espec\u00edficos. O assunto deve ser o tema da reuni\u00e3o do Comit\u00ea Estadual de Enfrentamento \u00e0 Covid-19 na pr\u00f3xima sexta-feira, dia 18 de mar\u00e7o. Segundo Marcos Gadelha, ambientes com alto risco de transmiss\u00e3o, como hospitais, devem continuar com uso de m\u00e1scara obrigat\u00f3rio. At\u00e9 o dia 20 de mar\u00e7o, o Decreto Estadual determina obrigatoriedade do uso das m\u00e1scaras&hellip;<\/p>\n","protected":false},"author":1,"featured_media":24690,"comment_status":"open","ping_status":"open","sticky":false,"template":"","format":"standard","meta":{"footnotes":""},"categories":[1],"tags":[],"class_list":["post-24689","post","type-post","status-publish","format-standard","has-post-thumbnail","hentry","category-noticias"],"_links":{"self":[{"href":"https:\/\/blogdorogeriogomes.com.br\/noticias\/wp-json\/wp\/v2\/posts\/24689","targetHints":{"allow":["GET"]}}],"collection":[{"href":"https:\/\/blogdorogeriogomes.com.br\/noticias\/wp-json\/wp\/v2\/posts"}],"about":[{"href":"https:\/\/blogdorogeriogomes.com.br\/noticias\/wp-json\/wp\/v2\/types\/post"}],"author":[{"embeddable":true,"href":"https:\/\/blogdorogeriogomes.com.br\/noticias\/wp-json\/wp\/v2\/users\/1"}],"replies":[{"embeddable":true,"href":"https:\/\/blogdorogeriogomes.com.br\/noticias\/wp-json\/wp\/v2\/comments?post=24689"}],"version-history":[{"count":1,"href":"https:\/\/blogdorogeriogomes.com.br\/noticias\/wp-json\/wp\/v2\/posts\/24689\/revisions"}],"predecessor-version":[{"id":24691,"href":"https:\/\/blogdorogeriogomes.com.br\/noticias\/wp-json\/wp\/v2\/posts\/24689\/revisions\/24691"}],"wp:featuredmedia":[{"embeddable":true,"href":"https:\/\/blogdorogeriogomes.com.br\/noticias\/wp-json\/wp\/v2\/media\/24690"}],"wp:attachment":[{"href":"https:\/\/blogdorogeriogomes.com.br\/noticias\/wp-json\/wp\/v2\/media?parent=24689"}],"wp:term":[{"taxonomy":"category","embeddable":true,"href":"https:\/\/blogdorogeriogomes.com.br\/noticias\/wp-json\/wp\/v2\/categories?post=24689"},{"taxonomy":"post_tag","embeddable":true,"href":"https:\/\/blogdorogeriogomes.com.br\/noticias\/wp-json\/wp\/v2\/tags?post=24689"}],"curies":[{"name":"wp","href":"https:\/\/api.w.org\/{rel}","templated":true}]}}