{"id":24693,"date":"2022-03-15T22:44:06","date_gmt":"2022-03-15T22:44:06","guid":{"rendered":"https:\/\/blogdorogeriogomes.com.br\/?p=24693"},"modified":"2022-03-16T16:24:29","modified_gmt":"2022-03-16T16:24:29","slug":"municipio-de-guaiuba-recebe-sessao-da-assembleia-itinerante-nesta-quinta-feira","status":"publish","type":"post","link":"https:\/\/blogdorogeriogomes.com.br\/noticias\/2022\/03\/municipio-de-guaiuba-recebe-sessao-da-assembleia-itinerante-nesta-quinta-feira\/","title":{"rendered":"Munic\u00edpio de Guai\u00faba recebe sess\u00e3o da Assembleia Itinerante nesta quinta-feira"},"content":{"rendered":"\n<p>A Assembleia Legislativa do Estado do Cear\u00e1 realiza em Guai\u00faba nesta quinta-feira, dia  17 de mar\u00e7o, dia marcado pela celebra\u00e7\u00e3o de anivers\u00e1rio de 35 anos do munic\u00edpio, a primeira edi\u00e7\u00e3o da Assembleia Itinerante em 2022. A cidade da Regi\u00e3o Metropolitana de Fortaleza receber\u00e1 sess\u00e3o plen\u00e1ria do Parlamento Estadual, \u00e0s 9 horas, no Centro Educacional de Arte e Cultura Portal da Serra (Cearc), com a presen\u00e7a dos deputados e deputadas estaduais. Na ocasi\u00e7\u00e3o, ser\u00e1 seguido todo o processo legislativo, com pronunciamentos e vota\u00e7\u00e3o de projetos, diante da popula\u00e7\u00e3o guaiubense, respeitando as medidas de seguran\u00e7a sanit\u00e1ria.<\/p>\n\n\n\n<p>A Assembleia Itinerante \u00e9 um recurso previsto no Regimento Interno da Casa, no intuito de levar os trabalhos legislativos para o interior do Estado e descentralizar as decis\u00f5es que acontecem na sede do Poder Legislativo na Capital. Em 2021, foram realizadas quatro edi\u00e7\u00f5es do evento, em Itapipoca, Ic\u00f3, S\u00e3o Benedito e Novo Oriente.<\/p>\n\n\n\n<p>Antes da sess\u00e3o itinerante, os parlamentares participar\u00e3o de uma visita ao Polo Industrial Qu\u00edmico de Guai\u00faba, onde ser\u00e1 inaugurada a primeira empresa do complexo, a InstraPlast. A f\u00e1brica produz embalagens para bolos e p\u00e3es. Outras tr\u00eas empresas est\u00e3o em processo de instala\u00e7\u00e3o. Inaugurado em 2018 pelo Governo do Cear\u00e1, o Polo deve abrigar 21 empreendimentos e deve gerar cerca de dois mil empregos diretos na Regi\u00e3o Metropolitana.<\/p>\n\n\n\n<figure class=\"wp-block-image size-large\"><img loading=\"lazy\" decoding=\"async\" width=\"720\" height=\"405\" src=\"https:\/\/blogdorogeriogomes.com.br\/wp-content\/uploads\/2022\/03\/images-53.jpeg\" alt=\"\" class=\"wp-image-24694\" srcset=\"https:\/\/blogdorogeriogomes.com.br\/noticias\/wp-content\/uploads\/2022\/03\/images-53.jpeg 720w, https:\/\/blogdorogeriogomes.com.br\/noticias\/wp-content\/uploads\/2022\/03\/images-53-300x169.jpeg 300w\" sizes=\"auto, (max-width: 720px) 100vw, 720px\" \/><\/figure>\n","protected":false},"excerpt":{"rendered":"<p>A Assembleia Legislativa do Estado do Cear\u00e1 realiza em Guai\u00faba nesta quinta-feira, dia 17 de mar\u00e7o, dia marcado pela celebra\u00e7\u00e3o de anivers\u00e1rio de 35 anos do munic\u00edpio, a primeira edi\u00e7\u00e3o da Assembleia Itinerante em 2022. A cidade da Regi\u00e3o Metropolitana de Fortaleza receber\u00e1 sess\u00e3o plen\u00e1ria do Parlamento Estadual, \u00e0s 9 horas, no Centro Educacional de Arte e Cultura Portal da Serra (Cearc), com a presen\u00e7a dos deputados e deputadas estaduais. Na ocasi\u00e7\u00e3o, ser\u00e1 seguido todo o processo legislativo, com&hellip;<\/p>\n","protected":false},"author":1,"featured_media":24694,"comment_status":"open","ping_status":"open","sticky":false,"template":"","format":"standard","meta":{"footnotes":""},"categories":[1],"tags":[],"class_list":["post-24693","post","type-post","status-publish","format-standard","has-post-thumbnail","hentry","category-noticias"],"_links":{"self":[{"href":"https:\/\/blogdorogeriogomes.com.br\/noticias\/wp-json\/wp\/v2\/posts\/24693","targetHints":{"allow":["GET"]}}],"collection":[{"href":"https:\/\/blogdorogeriogomes.com.br\/noticias\/wp-json\/wp\/v2\/posts"}],"about":[{"href":"https:\/\/blogdorogeriogomes.com.br\/noticias\/wp-json\/wp\/v2\/types\/post"}],"author":[{"embeddable":true,"href":"https:\/\/blogdorogeriogomes.com.br\/noticias\/wp-json\/wp\/v2\/users\/1"}],"replies":[{"embeddable":true,"href":"https:\/\/blogdorogeriogomes.com.br\/noticias\/wp-json\/wp\/v2\/comments?post=24693"}],"version-history":[{"count":1,"href":"https:\/\/blogdorogeriogomes.com.br\/noticias\/wp-json\/wp\/v2\/posts\/24693\/revisions"}],"predecessor-version":[{"id":24695,"href":"https:\/\/blogdorogeriogomes.com.br\/noticias\/wp-json\/wp\/v2\/posts\/24693\/revisions\/24695"}],"wp:featuredmedia":[{"embeddable":true,"href":"https:\/\/blogdorogeriogomes.com.br\/noticias\/wp-json\/wp\/v2\/media\/24694"}],"wp:attachment":[{"href":"https:\/\/blogdorogeriogomes.com.br\/noticias\/wp-json\/wp\/v2\/media?parent=24693"}],"wp:term":[{"taxonomy":"category","embeddable":true,"href":"https:\/\/blogdorogeriogomes.com.br\/noticias\/wp-json\/wp\/v2\/categories?post=24693"},{"taxonomy":"post_tag","embeddable":true,"href":"https:\/\/blogdorogeriogomes.com.br\/noticias\/wp-json\/wp\/v2\/tags?post=24693"}],"curies":[{"name":"wp","href":"https:\/\/api.w.org\/{rel}","templated":true}]}}