{"id":24696,"date":"2022-03-15T22:58:34","date_gmt":"2022-03-15T22:58:34","guid":{"rendered":"https:\/\/blogdorogeriogomes.com.br\/?p=24696"},"modified":"2022-03-16T16:24:19","modified_gmt":"2022-03-16T16:24:19","slug":"dirigentes-do-ceara-fortaleza-e-ferroviario-fazem-vistoria-do-novo-gramado-do-pv-com-o-prefeito-jose-sarto","status":"publish","type":"post","link":"https:\/\/blogdorogeriogomes.com.br\/noticias\/2022\/03\/dirigentes-do-ceara-fortaleza-e-ferroviario-fazem-vistoria-do-novo-gramado-do-pv-com-o-prefeito-jose-sarto\/","title":{"rendered":"Dirigentes do Cear\u00e1, Fortaleza e Ferrovi\u00e1rio fazem vistoria do novo gramado do PV com o prefeito Jos\u00e9 Sarto"},"content":{"rendered":"\n<p>Acompanhado dos presidentes do Cear\u00e1, Robinson de Castro; do Fortaleza, Marcelo Paz; e do Ferrovi\u00e1rio, Newton Filho; o prefeito de Fortaleza, Jos\u00e9 Sarto, visitou, nesta ter\u00e7a-feira, dia 15 de mar\u00e7o, as melhorias do granado do est\u00e1dio Presidente Vargas. A demarca\u00e7\u00e3o do novo campo foi recentemente conclu\u00edda. Ainda esta semana, as traves e redes tamb\u00e9m dever\u00e3o ser instaladas. O PV passou por reformas ap\u00f3s abrigar o Hospital de Campanha da Covid-19 no primeiro ano de pandemia.<\/p>\n\n\n\n<p>Com a conclus\u00e3o das obras de drenagem, irriga\u00e7\u00e3o e revitaliza\u00e7\u00e3o no campo, o est\u00e1dio agora conta com mais de 8 mil m\u00b2 de novo gramado do tipo Bermuda Celebration, padr\u00e3o Fifa, que possui qualidade superior ao anteriormente utilizado. Com investimento de R$ 2,5 milh\u00f5es, aproximadamente, a obra de requalifica\u00e7\u00e3o do est\u00e1dio Presidente Vargas possibilitar\u00e1 o retorno dos treinos e competi\u00e7\u00f5es oficiais de futebol a partir do m\u00eas de abril.<\/p>\n\n\n\n<figure class=\"wp-block-image size-large\"><img loading=\"lazy\" decoding=\"async\" width=\"1024\" height=\"682\" src=\"https:\/\/blogdorogeriogomes.com.br\/wp-content\/uploads\/2022\/03\/IMG-20220315-WA0114-1024x682.jpg\" alt=\"\" class=\"wp-image-24698\" srcset=\"https:\/\/blogdorogeriogomes.com.br\/noticias\/wp-content\/uploads\/2022\/03\/IMG-20220315-WA0114-1024x682.jpg 1024w, https:\/\/blogdorogeriogomes.com.br\/noticias\/wp-content\/uploads\/2022\/03\/IMG-20220315-WA0114-300x200.jpg 300w, https:\/\/blogdorogeriogomes.com.br\/noticias\/wp-content\/uploads\/2022\/03\/IMG-20220315-WA0114-768x511.jpg 768w, https:\/\/blogdorogeriogomes.com.br\/noticias\/wp-content\/uploads\/2022\/03\/IMG-20220315-WA0114-800x533.jpg 800w, https:\/\/blogdorogeriogomes.com.br\/noticias\/wp-content\/uploads\/2022\/03\/IMG-20220315-WA0114.jpg 1080w\" sizes=\"auto, (max-width: 1024px) 100vw, 1024px\" \/><\/figure>\n","protected":false},"excerpt":{"rendered":"<p>Acompanhado dos presidentes do Cear\u00e1, Robinson de Castro; do Fortaleza, Marcelo Paz; e do Ferrovi\u00e1rio, Newton Filho; o prefeito de Fortaleza, Jos\u00e9 Sarto, visitou, nesta ter\u00e7a-feira, dia 15 de mar\u00e7o, as melhorias do granado do est\u00e1dio Presidente Vargas. A demarca\u00e7\u00e3o do novo campo foi recentemente conclu\u00edda. Ainda esta semana, as traves e redes tamb\u00e9m dever\u00e3o ser instaladas. O PV passou por reformas ap\u00f3s abrigar o Hospital de Campanha da Covid-19 no primeiro ano de pandemia. Com a conclus\u00e3o das&hellip;<\/p>\n","protected":false},"author":1,"featured_media":24698,"comment_status":"open","ping_status":"open","sticky":false,"template":"","format":"standard","meta":{"footnotes":""},"categories":[1],"tags":[],"class_list":["post-24696","post","type-post","status-publish","format-standard","has-post-thumbnail","hentry","category-noticias"],"_links":{"self":[{"href":"https:\/\/blogdorogeriogomes.com.br\/noticias\/wp-json\/wp\/v2\/posts\/24696","targetHints":{"allow":["GET"]}}],"collection":[{"href":"https:\/\/blogdorogeriogomes.com.br\/noticias\/wp-json\/wp\/v2\/posts"}],"about":[{"href":"https:\/\/blogdorogeriogomes.com.br\/noticias\/wp-json\/wp\/v2\/types\/post"}],"author":[{"embeddable":true,"href":"https:\/\/blogdorogeriogomes.com.br\/noticias\/wp-json\/wp\/v2\/users\/1"}],"replies":[{"embeddable":true,"href":"https:\/\/blogdorogeriogomes.com.br\/noticias\/wp-json\/wp\/v2\/comments?post=24696"}],"version-history":[{"count":1,"href":"https:\/\/blogdorogeriogomes.com.br\/noticias\/wp-json\/wp\/v2\/posts\/24696\/revisions"}],"predecessor-version":[{"id":24699,"href":"https:\/\/blogdorogeriogomes.com.br\/noticias\/wp-json\/wp\/v2\/posts\/24696\/revisions\/24699"}],"wp:featuredmedia":[{"embeddable":true,"href":"https:\/\/blogdorogeriogomes.com.br\/noticias\/wp-json\/wp\/v2\/media\/24698"}],"wp:attachment":[{"href":"https:\/\/blogdorogeriogomes.com.br\/noticias\/wp-json\/wp\/v2\/media?parent=24696"}],"wp:term":[{"taxonomy":"category","embeddable":true,"href":"https:\/\/blogdorogeriogomes.com.br\/noticias\/wp-json\/wp\/v2\/categories?post=24696"},{"taxonomy":"post_tag","embeddable":true,"href":"https:\/\/blogdorogeriogomes.com.br\/noticias\/wp-json\/wp\/v2\/tags?post=24696"}],"curies":[{"name":"wp","href":"https:\/\/api.w.org\/{rel}","templated":true}]}}