{"id":24700,"date":"2022-03-16T09:59:12","date_gmt":"2022-03-16T09:59:12","guid":{"rendered":"https:\/\/blogdorogeriogomes.com.br\/?p=24700"},"modified":"2022-03-16T16:24:08","modified_gmt":"2022-03-16T16:24:08","slug":"regiao-do-cariri-ganha-novo-curso-de-medicina-na-urca","status":"publish","type":"post","link":"https:\/\/blogdorogeriogomes.com.br\/noticias\/2022\/03\/regiao-do-cariri-ganha-novo-curso-de-medicina-na-urca\/","title":{"rendered":"Regi\u00e3o do Cariri ganha novo curso de Medicina na Urca"},"content":{"rendered":"\n<p>A Universidade Regional do Cariri (Urca) passa a contar com mais um curso dentro de sua grade de ensino. Nesta ter\u00e7a-feira, dia 15 de mar\u00e7o, foi aberta, oficialmente, a gradua\u00e7\u00e3o em Medicina (MedUrca) da institui\u00e7\u00e3o, que faz parte do Centro de Ci\u00eancias Biol\u00f3gicas e da Sa\u00fade &#8211; Unidade Madre Feitosa, no Crato.<\/p>\n\n\n\n<p>A primeira turma j\u00e1 come\u00e7a imediatamente e conta com 30 alunos, aprovados no \u00faltimo vestibular entre os mais de 5 mil inscritos. O investimento foi de R$ 2 milh\u00f5es para viabilizar o novo MedUrca.<\/p>\n\n\n\n<p>Realizado em tempo integral, o curso vai ter uma carga hor\u00e1ria de 7.740 horas\/aula. Durante a gradua\u00e7\u00e3o ser\u00e3o promovidas atividades de campo, laborat\u00f3rio de habilidades cl\u00ednicas, atividades integradas e metodologias ativas. A finalidade \u00e9 gerar compet\u00eancias sens\u00edveis \u00e0s necessidades do Sistema \u00danico de Sa\u00fade (SUS).<\/p>\n\n\n\n<figure class=\"wp-block-image size-large\"><img loading=\"lazy\" decoding=\"async\" width=\"418\" height=\"314\" src=\"https:\/\/blogdorogeriogomes.com.br\/wp-content\/uploads\/2022\/03\/Hospital.jpg\" alt=\"\" class=\"wp-image-24701\" srcset=\"https:\/\/blogdorogeriogomes.com.br\/noticias\/wp-content\/uploads\/2022\/03\/Hospital.jpg 418w, https:\/\/blogdorogeriogomes.com.br\/noticias\/wp-content\/uploads\/2022\/03\/Hospital-300x225.jpg 300w, https:\/\/blogdorogeriogomes.com.br\/noticias\/wp-content\/uploads\/2022\/03\/Hospital-400x300.jpg 400w\" sizes=\"auto, (max-width: 418px) 100vw, 418px\" \/><\/figure>\n\n\n\n<p><\/p>\n\n\n\n<p><\/p>\n\n\n\n<p><\/p>\n\n\n\n<p><\/p>\n","protected":false},"excerpt":{"rendered":"<p>A Universidade Regional do Cariri (Urca) passa a contar com mais um curso dentro de sua grade de ensino. Nesta ter\u00e7a-feira, dia 15 de mar\u00e7o, foi aberta, oficialmente, a gradua\u00e7\u00e3o em Medicina (MedUrca) da institui\u00e7\u00e3o, que faz parte do Centro de Ci\u00eancias Biol\u00f3gicas e da Sa\u00fade &#8211; Unidade Madre Feitosa, no Crato. A primeira turma j\u00e1 come\u00e7a imediatamente e conta com 30 alunos, aprovados no \u00faltimo vestibular entre os mais de 5 mil inscritos. O investimento foi de R$&hellip;<\/p>\n","protected":false},"author":1,"featured_media":24701,"comment_status":"open","ping_status":"open","sticky":false,"template":"","format":"standard","meta":{"footnotes":""},"categories":[1],"tags":[],"class_list":["post-24700","post","type-post","status-publish","format-standard","has-post-thumbnail","hentry","category-noticias"],"_links":{"self":[{"href":"https:\/\/blogdorogeriogomes.com.br\/noticias\/wp-json\/wp\/v2\/posts\/24700","targetHints":{"allow":["GET"]}}],"collection":[{"href":"https:\/\/blogdorogeriogomes.com.br\/noticias\/wp-json\/wp\/v2\/posts"}],"about":[{"href":"https:\/\/blogdorogeriogomes.com.br\/noticias\/wp-json\/wp\/v2\/types\/post"}],"author":[{"embeddable":true,"href":"https:\/\/blogdorogeriogomes.com.br\/noticias\/wp-json\/wp\/v2\/users\/1"}],"replies":[{"embeddable":true,"href":"https:\/\/blogdorogeriogomes.com.br\/noticias\/wp-json\/wp\/v2\/comments?post=24700"}],"version-history":[{"count":1,"href":"https:\/\/blogdorogeriogomes.com.br\/noticias\/wp-json\/wp\/v2\/posts\/24700\/revisions"}],"predecessor-version":[{"id":24702,"href":"https:\/\/blogdorogeriogomes.com.br\/noticias\/wp-json\/wp\/v2\/posts\/24700\/revisions\/24702"}],"wp:featuredmedia":[{"embeddable":true,"href":"https:\/\/blogdorogeriogomes.com.br\/noticias\/wp-json\/wp\/v2\/media\/24701"}],"wp:attachment":[{"href":"https:\/\/blogdorogeriogomes.com.br\/noticias\/wp-json\/wp\/v2\/media?parent=24700"}],"wp:term":[{"taxonomy":"category","embeddable":true,"href":"https:\/\/blogdorogeriogomes.com.br\/noticias\/wp-json\/wp\/v2\/categories?post=24700"},{"taxonomy":"post_tag","embeddable":true,"href":"https:\/\/blogdorogeriogomes.com.br\/noticias\/wp-json\/wp\/v2\/tags?post=24700"}],"curies":[{"name":"wp","href":"https:\/\/api.w.org\/{rel}","templated":true}]}}