{"id":24713,"date":"2022-03-16T20:53:22","date_gmt":"2022-03-16T20:53:22","guid":{"rendered":"https:\/\/blogdorogeriogomes.com.br\/?p=24713"},"modified":"2022-03-18T10:49:02","modified_gmt":"2022-03-18T10:49:02","slug":"ceara-entra-mais-uma-vez-na-rota-de-presidenciaveis-bolsonaro-em-marco-e-lula-em-abril","status":"publish","type":"post","link":"https:\/\/blogdorogeriogomes.com.br\/noticias\/2022\/03\/ceara-entra-mais-uma-vez-na-rota-de-presidenciaveis-bolsonaro-em-marco-e-lula-em-abril\/","title":{"rendered":"Cear\u00e1 entra mais uma vez na rota de presidenci\u00e1veis: Bolsonaro em mar\u00e7o e Lula em abril"},"content":{"rendered":"\n<p>Na medida que a campanha presidencial se aproxima, os pr\u00e9-candidatos instensificam visitas aos estados. E o Cear\u00e1 vai ser mais uma vez a rota de visitas dos dois mais bem colocados nas pesquisas eleitorais at\u00e9 o momento: o ex-presidente Lula (PT) e o presidente Jair Bolsonaro (PL).<\/p>\n\n\n\n<p>O atual presidente Bolsonaro confirmou em v\u00eddeo publicado nas redes sociais que estar\u00e1 em Quixad\u00e1, no pr\u00f3ximo dia 23 de mar\u00e7o. Ser\u00e1 a sexta visita de Bolsonaro ao Cear\u00e1 desde que assumiu a Presid\u00eancia da Rep\u00fablica. O pr\u00e9-candidato do PL tenta a todo custo melhorar sua imagem no Nordeste, onde segundo as pesquisas, Bolsonaro tem alta rejei\u00e7\u00e3o e perde por larga vantagem de Lula.<\/p>\n\n\n\n<p>J\u00e1 o ex-presidente deve fazer sua primeira viagem ao Cear\u00e1 este ano com apari\u00e7\u00e3o p\u00fablica na primeira quinzena de abril. A informa\u00e7\u00e3o foi confirmada pelo deputado federal Jos\u00e9 Guimar\u00e3es (PT). A visita de Lula deve ser feita \u00e0 regi\u00e3o do Cariri. Antes, disso deve lan\u00e7ar oficialmente sua pr\u00e9-candidatura \u00e0 Presid\u00eancia da Rep\u00fablica em S\u00e3o Paulo ao lado do seu vice Geraldo Alckmin, que promete se filiar ao PSB.<\/p>\n\n\n\n<figure class=\"wp-block-image size-large\"><img loading=\"lazy\" decoding=\"async\" width=\"640\" height=\"479\" src=\"https:\/\/blogdorogeriogomes.com.br\/wp-content\/uploads\/2022\/03\/images-54.jpeg\" alt=\"\" class=\"wp-image-24714\" srcset=\"https:\/\/blogdorogeriogomes.com.br\/noticias\/wp-content\/uploads\/2022\/03\/images-54.jpeg 640w, https:\/\/blogdorogeriogomes.com.br\/noticias\/wp-content\/uploads\/2022\/03\/images-54-300x225.jpeg 300w, https:\/\/blogdorogeriogomes.com.br\/noticias\/wp-content\/uploads\/2022\/03\/images-54-400x300.jpeg 400w\" sizes=\"auto, (max-width: 640px) 100vw, 640px\" \/><\/figure>\n\n\n\n<p><\/p>\n","protected":false},"excerpt":{"rendered":"<p>Na medida que a campanha presidencial se aproxima, os pr\u00e9-candidatos instensificam visitas aos estados. E o Cear\u00e1 vai ser mais uma vez a rota de visitas dos dois mais bem colocados nas pesquisas eleitorais at\u00e9 o momento: o ex-presidente Lula (PT) e o presidente Jair Bolsonaro (PL). O atual presidente Bolsonaro confirmou em v\u00eddeo publicado nas redes sociais que estar\u00e1 em Quixad\u00e1, no pr\u00f3ximo dia 23 de mar\u00e7o. Ser\u00e1 a sexta visita de Bolsonaro ao Cear\u00e1 desde que assumiu&hellip;<\/p>\n","protected":false},"author":1,"featured_media":24714,"comment_status":"open","ping_status":"open","sticky":false,"template":"","format":"standard","meta":{"footnotes":""},"categories":[1],"tags":[],"class_list":["post-24713","post","type-post","status-publish","format-standard","has-post-thumbnail","hentry","category-noticias"],"_links":{"self":[{"href":"https:\/\/blogdorogeriogomes.com.br\/noticias\/wp-json\/wp\/v2\/posts\/24713","targetHints":{"allow":["GET"]}}],"collection":[{"href":"https:\/\/blogdorogeriogomes.com.br\/noticias\/wp-json\/wp\/v2\/posts"}],"about":[{"href":"https:\/\/blogdorogeriogomes.com.br\/noticias\/wp-json\/wp\/v2\/types\/post"}],"author":[{"embeddable":true,"href":"https:\/\/blogdorogeriogomes.com.br\/noticias\/wp-json\/wp\/v2\/users\/1"}],"replies":[{"embeddable":true,"href":"https:\/\/blogdorogeriogomes.com.br\/noticias\/wp-json\/wp\/v2\/comments?post=24713"}],"version-history":[{"count":1,"href":"https:\/\/blogdorogeriogomes.com.br\/noticias\/wp-json\/wp\/v2\/posts\/24713\/revisions"}],"predecessor-version":[{"id":24715,"href":"https:\/\/blogdorogeriogomes.com.br\/noticias\/wp-json\/wp\/v2\/posts\/24713\/revisions\/24715"}],"wp:featuredmedia":[{"embeddable":true,"href":"https:\/\/blogdorogeriogomes.com.br\/noticias\/wp-json\/wp\/v2\/media\/24714"}],"wp:attachment":[{"href":"https:\/\/blogdorogeriogomes.com.br\/noticias\/wp-json\/wp\/v2\/media?parent=24713"}],"wp:term":[{"taxonomy":"category","embeddable":true,"href":"https:\/\/blogdorogeriogomes.com.br\/noticias\/wp-json\/wp\/v2\/categories?post=24713"},{"taxonomy":"post_tag","embeddable":true,"href":"https:\/\/blogdorogeriogomes.com.br\/noticias\/wp-json\/wp\/v2\/tags?post=24713"}],"curies":[{"name":"wp","href":"https:\/\/api.w.org\/{rel}","templated":true}]}}