{"id":24716,"date":"2022-03-17T09:46:27","date_gmt":"2022-03-17T09:46:27","guid":{"rendered":"https:\/\/blogdorogeriogomes.com.br\/?p=24716"},"modified":"2022-03-18T10:48:46","modified_gmt":"2022-03-18T10:48:46","slug":"especialistas-alertam-para-acelerar-vacinacao-infantil-e-dose-de-reforco-para-evitar-a-volta-no-crescimento-de-casos-da-covid-19","status":"publish","type":"post","link":"https:\/\/blogdorogeriogomes.com.br\/noticias\/2022\/03\/especialistas-alertam-para-acelerar-vacinacao-infantil-e-dose-de-reforco-para-evitar-a-volta-no-crescimento-de-casos-da-covid-19\/","title":{"rendered":"Especialistas alertam para acelerar vacina\u00e7\u00e3o infantil e dose de refor\u00e7o para evitar a volta no crescimento de casos da Covid-19"},"content":{"rendered":"\n<p>Diversos pa\u00edses europeus e asi\u00e1ticos est\u00e3o registrando um aumento consider\u00e1vel de casos da Covid-19, o que desperta novamente a preocupa\u00e7\u00e3o sobre o ressurgimento de uma nova onda da doen\u00e7a. E o motivo \u00e9, principalmente, a baixa vacina\u00e7\u00e3o nesses locais.<\/p>\n\n\n\n<p>Especialistas alertam que, sem cobertura vacinal, a popula\u00e7\u00e3o fica mais vulner\u00e1vel a casos graves do coronav\u00edrus e consequentemente ter um aumento no n\u00famero de mortes.<\/p>\n\n\n\n<p>No Brasil, a preocupa\u00e7\u00e3o continua sendo a estagna\u00e7\u00e3o no processo de imuniza\u00e7\u00e3o das crian\u00e7as. Na faixa et\u00e1ria entre 5 e 11 anos, a cobertura vacinal ainda \u00e9 considerada baixa com 40% do p\u00fablico contemplado. Se junta a isso, as flexibiliza\u00e7\u00f5es sanit\u00e1rias nos estados e a mudan\u00e7a comportamental da popula\u00e7\u00e3o diante da queda de casos.<\/p>\n\n\n\n<p>A insist\u00eancia dos negacionistas em boicotar a vacina contra a Covid-19 ainda poder\u00e1 trazer preju\u00edzos futuros para quem n\u00e3o se imunizou, dizem os epidemiologistas.<\/p>\n\n\n\n<figure class=\"wp-block-image size-large\"><img loading=\"lazy\" decoding=\"async\" width=\"1008\" height=\"672\" src=\"https:\/\/blogdorogeriogomes.com.br\/wp-content\/uploads\/2022\/03\/vacinacao-dia-v-rodrigo-nagafuti-22-.jpg\" alt=\"\" class=\"wp-image-24717\" srcset=\"https:\/\/blogdorogeriogomes.com.br\/noticias\/wp-content\/uploads\/2022\/03\/vacinacao-dia-v-rodrigo-nagafuti-22-.jpg 1008w, https:\/\/blogdorogeriogomes.com.br\/noticias\/wp-content\/uploads\/2022\/03\/vacinacao-dia-v-rodrigo-nagafuti-22--300x200.jpg 300w, https:\/\/blogdorogeriogomes.com.br\/noticias\/wp-content\/uploads\/2022\/03\/vacinacao-dia-v-rodrigo-nagafuti-22--768x512.jpg 768w, https:\/\/blogdorogeriogomes.com.br\/noticias\/wp-content\/uploads\/2022\/03\/vacinacao-dia-v-rodrigo-nagafuti-22--800x533.jpg 800w\" sizes=\"auto, (max-width: 1008px) 100vw, 1008px\" \/><\/figure>\n\n\n\n<p><\/p>\n\n\n\n<p><\/p>\n","protected":false},"excerpt":{"rendered":"<p>Diversos pa\u00edses europeus e asi\u00e1ticos est\u00e3o registrando um aumento consider\u00e1vel de casos da Covid-19, o que desperta novamente a preocupa\u00e7\u00e3o sobre o ressurgimento de uma nova onda da doen\u00e7a. E o motivo \u00e9, principalmente, a baixa vacina\u00e7\u00e3o nesses locais. Especialistas alertam que, sem cobertura vacinal, a popula\u00e7\u00e3o fica mais vulner\u00e1vel a casos graves do coronav\u00edrus e consequentemente ter um aumento no n\u00famero de mortes. No Brasil, a preocupa\u00e7\u00e3o continua sendo a estagna\u00e7\u00e3o no processo de imuniza\u00e7\u00e3o das crian\u00e7as. Na&hellip;<\/p>\n","protected":false},"author":1,"featured_media":24717,"comment_status":"open","ping_status":"open","sticky":false,"template":"","format":"standard","meta":{"footnotes":""},"categories":[1],"tags":[],"class_list":["post-24716","post","type-post","status-publish","format-standard","has-post-thumbnail","hentry","category-noticias"],"_links":{"self":[{"href":"https:\/\/blogdorogeriogomes.com.br\/noticias\/wp-json\/wp\/v2\/posts\/24716","targetHints":{"allow":["GET"]}}],"collection":[{"href":"https:\/\/blogdorogeriogomes.com.br\/noticias\/wp-json\/wp\/v2\/posts"}],"about":[{"href":"https:\/\/blogdorogeriogomes.com.br\/noticias\/wp-json\/wp\/v2\/types\/post"}],"author":[{"embeddable":true,"href":"https:\/\/blogdorogeriogomes.com.br\/noticias\/wp-json\/wp\/v2\/users\/1"}],"replies":[{"embeddable":true,"href":"https:\/\/blogdorogeriogomes.com.br\/noticias\/wp-json\/wp\/v2\/comments?post=24716"}],"version-history":[{"count":1,"href":"https:\/\/blogdorogeriogomes.com.br\/noticias\/wp-json\/wp\/v2\/posts\/24716\/revisions"}],"predecessor-version":[{"id":24718,"href":"https:\/\/blogdorogeriogomes.com.br\/noticias\/wp-json\/wp\/v2\/posts\/24716\/revisions\/24718"}],"wp:featuredmedia":[{"embeddable":true,"href":"https:\/\/blogdorogeriogomes.com.br\/noticias\/wp-json\/wp\/v2\/media\/24717"}],"wp:attachment":[{"href":"https:\/\/blogdorogeriogomes.com.br\/noticias\/wp-json\/wp\/v2\/media?parent=24716"}],"wp:term":[{"taxonomy":"category","embeddable":true,"href":"https:\/\/blogdorogeriogomes.com.br\/noticias\/wp-json\/wp\/v2\/categories?post=24716"},{"taxonomy":"post_tag","embeddable":true,"href":"https:\/\/blogdorogeriogomes.com.br\/noticias\/wp-json\/wp\/v2\/tags?post=24716"}],"curies":[{"name":"wp","href":"https:\/\/api.w.org\/{rel}","templated":true}]}}