{"id":24719,"date":"2022-03-17T10:14:05","date_gmt":"2022-03-17T10:14:05","guid":{"rendered":"https:\/\/blogdorogeriogomes.com.br\/?p=24719"},"modified":"2022-03-18T10:48:12","modified_gmt":"2022-03-18T10:48:12","slug":"cresce-jogo-de-empurra-empurra-entre-governo-e-petrobras-mas-preco-dos-combustiveis-nao-baixa","status":"publish","type":"post","link":"https:\/\/blogdorogeriogomes.com.br\/noticias\/2022\/03\/cresce-jogo-de-empurra-empurra-entre-governo-e-petrobras-mas-preco-dos-combustiveis-nao-baixa\/","title":{"rendered":"Cresce jogo de empurra-empurra entre Governo e Petrobras, mas pre\u00e7o dos combust\u00edveis n\u00e3o baixa"},"content":{"rendered":"\n<p>A press\u00e3o pela sa\u00edda do presidente da Petrobras, general Joaquim Silva e Luna, cresce no Governo Federal. O presidente Jair Bolsonaro e a ala militar dentro do Planalto tentam transferir a responsabilidade pelo aumento dos combust\u00edveis s\u00f3 para o general. Bolsonaro busca &#8220;vender&#8221; aos aliados que o problema de reajuste ser\u00e1 solucionado apenas com a mudan\u00e7a no comando da Petrobras, como ele pr\u00f3prio j\u00e1 fez uma vez. S\u00f3 que a pol\u00edtica de pre\u00e7os da Petrobras, aliada ao mercado internacional, passa tamb\u00e9m pelo interesse dos acionistas da empresa, tanto majorit\u00e1rios, como minorit\u00e1rios. N\u00e3o vai ser com &#8220;canetada presidencial&#8221; que ir\u00e1 resolver.<\/p>\n\n\n\n<p>Enquanto isso, os pre\u00e7os da gasolina e do diesel continuam em alta. As consequ\u00eancias imediatas est\u00e3o no transporte p\u00fablico e de cargas. Qualquer aumento no pre\u00e7o das passagens de \u00f4nibus pode gerar rea\u00e7\u00e3o da popula\u00e7\u00e3o nas capitais e a categoria de caminhoneiros amea\u00e7a com novas paralisa\u00e7\u00f5es se o diesel n\u00e3o cair de pre\u00e7o.<\/p>\n\n\n\n<p>Com infla\u00e7\u00e3o subindo ainda mais, o g\u00e1s de cozinha em disparada e os alimentos tamb\u00e9m com tend\u00eancia de novos reajustes, a equipe econ\u00f4mica do Governo Bolsonaro ter\u00e1 de sair do discurso para a a\u00e7\u00e3o. Em ano de campanha eleitoral, tudo ser\u00e1 poss\u00edvel se a economia n\u00e3o estiver bem.<\/p>\n\n\n\n<figure class=\"wp-block-image size-large\"><img loading=\"lazy\" decoding=\"async\" width=\"669\" height=\"458\" src=\"https:\/\/blogdorogeriogomes.com.br\/wp-content\/uploads\/2022\/03\/images-56.jpeg\" alt=\"\" class=\"wp-image-24720\" srcset=\"https:\/\/blogdorogeriogomes.com.br\/noticias\/wp-content\/uploads\/2022\/03\/images-56.jpeg 669w, https:\/\/blogdorogeriogomes.com.br\/noticias\/wp-content\/uploads\/2022\/03\/images-56-300x205.jpeg 300w\" sizes=\"auto, (max-width: 669px) 100vw, 669px\" \/><\/figure>\n","protected":false},"excerpt":{"rendered":"<p>A press\u00e3o pela sa\u00edda do presidente da Petrobras, general Joaquim Silva e Luna, cresce no Governo Federal. O presidente Jair Bolsonaro e a ala militar dentro do Planalto tentam transferir a responsabilidade pelo aumento dos combust\u00edveis s\u00f3 para o general. Bolsonaro busca &#8220;vender&#8221; aos aliados que o problema de reajuste ser\u00e1 solucionado apenas com a mudan\u00e7a no comando da Petrobras, como ele pr\u00f3prio j\u00e1 fez uma vez. S\u00f3 que a pol\u00edtica de pre\u00e7os da Petrobras, aliada ao mercado internacional,&hellip;<\/p>\n","protected":false},"author":1,"featured_media":24720,"comment_status":"open","ping_status":"open","sticky":false,"template":"","format":"standard","meta":{"footnotes":""},"categories":[1],"tags":[],"class_list":["post-24719","post","type-post","status-publish","format-standard","has-post-thumbnail","hentry","category-noticias"],"_links":{"self":[{"href":"https:\/\/blogdorogeriogomes.com.br\/noticias\/wp-json\/wp\/v2\/posts\/24719","targetHints":{"allow":["GET"]}}],"collection":[{"href":"https:\/\/blogdorogeriogomes.com.br\/noticias\/wp-json\/wp\/v2\/posts"}],"about":[{"href":"https:\/\/blogdorogeriogomes.com.br\/noticias\/wp-json\/wp\/v2\/types\/post"}],"author":[{"embeddable":true,"href":"https:\/\/blogdorogeriogomes.com.br\/noticias\/wp-json\/wp\/v2\/users\/1"}],"replies":[{"embeddable":true,"href":"https:\/\/blogdorogeriogomes.com.br\/noticias\/wp-json\/wp\/v2\/comments?post=24719"}],"version-history":[{"count":1,"href":"https:\/\/blogdorogeriogomes.com.br\/noticias\/wp-json\/wp\/v2\/posts\/24719\/revisions"}],"predecessor-version":[{"id":24721,"href":"https:\/\/blogdorogeriogomes.com.br\/noticias\/wp-json\/wp\/v2\/posts\/24719\/revisions\/24721"}],"wp:featuredmedia":[{"embeddable":true,"href":"https:\/\/blogdorogeriogomes.com.br\/noticias\/wp-json\/wp\/v2\/media\/24720"}],"wp:attachment":[{"href":"https:\/\/blogdorogeriogomes.com.br\/noticias\/wp-json\/wp\/v2\/media?parent=24719"}],"wp:term":[{"taxonomy":"category","embeddable":true,"href":"https:\/\/blogdorogeriogomes.com.br\/noticias\/wp-json\/wp\/v2\/categories?post=24719"},{"taxonomy":"post_tag","embeddable":true,"href":"https:\/\/blogdorogeriogomes.com.br\/noticias\/wp-json\/wp\/v2\/tags?post=24719"}],"curies":[{"name":"wp","href":"https:\/\/api.w.org\/{rel}","templated":true}]}}