{"id":24731,"date":"2022-03-18T11:19:42","date_gmt":"2022-03-18T11:19:42","guid":{"rendered":"https:\/\/blogdorogeriogomes.com.br\/?p=24731"},"modified":"2022-03-21T11:57:58","modified_gmt":"2022-03-21T11:57:58","slug":"lula-volta-a-curitiba-pela-primeira-vez-apos-a-prisao-para-declarar-apoio-a-roberto-requiao-para-o-governo-do-parana","status":"publish","type":"post","link":"https:\/\/blogdorogeriogomes.com.br\/noticias\/2022\/03\/lula-volta-a-curitiba-pela-primeira-vez-apos-a-prisao-para-declarar-apoio-a-roberto-requiao-para-o-governo-do-parana\/","title":{"rendered":"Lula volta a Curitiba pela primeira vez ap\u00f3s a pris\u00e3o para declarar apoio a Roberto Requi\u00e3o para o Governo do Paran\u00e1"},"content":{"rendered":"\n<p>O ex-presidente Lula (PT) retorna nesta sexta-feira, dia 18 de mar\u00e7o, a Curitiba desde que deixou a cela da Superintend\u00eancia da Pol\u00edcia Federal onde permaneceu preso por 580 dias. Lula participa da solenidade de filia\u00e7\u00e3o ao PT do ex-governador e ex-senador Roberto Requi\u00e3o, que dever\u00e1 ser o candidato do partido este ano ao Governo do Paran\u00e1 frente ao atual governador Ratinho J\u00fanior (PSD). Requi\u00e3o vai garantir palanque a Lula em Curitiba.<\/p>\n\n\n\n<p>Em n\u00edvel nacional, a expectativa \u00e9 pela forma\u00e7\u00e3o da chapa nacional. O ex-governador Geraldo Alckmin bateu o martelo e vai se filiar ao PSB na pr\u00f3xima quarta-feira, dia 23 de mar\u00e7o, em Bras\u00edlia, para ser candidato a vice-presidente na chapa do ex-presidente Lula.<\/p>\n\n\n\n<figure class=\"wp-block-image size-large\"><img loading=\"lazy\" decoding=\"async\" width=\"739\" height=\"415\" src=\"https:\/\/blogdorogeriogomes.com.br\/wp-content\/uploads\/2022\/03\/images-58.jpeg\" alt=\"\" class=\"wp-image-24732\" srcset=\"https:\/\/blogdorogeriogomes.com.br\/noticias\/wp-content\/uploads\/2022\/03\/images-58.jpeg 739w, https:\/\/blogdorogeriogomes.com.br\/noticias\/wp-content\/uploads\/2022\/03\/images-58-300x168.jpeg 300w\" sizes=\"auto, (max-width: 739px) 100vw, 739px\" \/><\/figure>\n\n\n\n<p><br><\/p>\n","protected":false},"excerpt":{"rendered":"<p>O ex-presidente Lula (PT) retorna nesta sexta-feira, dia 18 de mar\u00e7o, a Curitiba desde que deixou a cela da Superintend\u00eancia da Pol\u00edcia Federal onde permaneceu preso por 580 dias. Lula participa da solenidade de filia\u00e7\u00e3o ao PT do ex-governador e ex-senador Roberto Requi\u00e3o, que dever\u00e1 ser o candidato do partido este ano ao Governo do Paran\u00e1 frente ao atual governador Ratinho J\u00fanior (PSD). Requi\u00e3o vai garantir palanque a Lula em Curitiba. Em n\u00edvel nacional, a expectativa \u00e9 pela forma\u00e7\u00e3o&hellip;<\/p>\n","protected":false},"author":1,"featured_media":24732,"comment_status":"open","ping_status":"open","sticky":false,"template":"","format":"standard","meta":{"footnotes":""},"categories":[1],"tags":[],"class_list":["post-24731","post","type-post","status-publish","format-standard","has-post-thumbnail","hentry","category-noticias"],"_links":{"self":[{"href":"https:\/\/blogdorogeriogomes.com.br\/noticias\/wp-json\/wp\/v2\/posts\/24731","targetHints":{"allow":["GET"]}}],"collection":[{"href":"https:\/\/blogdorogeriogomes.com.br\/noticias\/wp-json\/wp\/v2\/posts"}],"about":[{"href":"https:\/\/blogdorogeriogomes.com.br\/noticias\/wp-json\/wp\/v2\/types\/post"}],"author":[{"embeddable":true,"href":"https:\/\/blogdorogeriogomes.com.br\/noticias\/wp-json\/wp\/v2\/users\/1"}],"replies":[{"embeddable":true,"href":"https:\/\/blogdorogeriogomes.com.br\/noticias\/wp-json\/wp\/v2\/comments?post=24731"}],"version-history":[{"count":1,"href":"https:\/\/blogdorogeriogomes.com.br\/noticias\/wp-json\/wp\/v2\/posts\/24731\/revisions"}],"predecessor-version":[{"id":24733,"href":"https:\/\/blogdorogeriogomes.com.br\/noticias\/wp-json\/wp\/v2\/posts\/24731\/revisions\/24733"}],"wp:featuredmedia":[{"embeddable":true,"href":"https:\/\/blogdorogeriogomes.com.br\/noticias\/wp-json\/wp\/v2\/media\/24732"}],"wp:attachment":[{"href":"https:\/\/blogdorogeriogomes.com.br\/noticias\/wp-json\/wp\/v2\/media?parent=24731"}],"wp:term":[{"taxonomy":"category","embeddable":true,"href":"https:\/\/blogdorogeriogomes.com.br\/noticias\/wp-json\/wp\/v2\/categories?post=24731"},{"taxonomy":"post_tag","embeddable":true,"href":"https:\/\/blogdorogeriogomes.com.br\/noticias\/wp-json\/wp\/v2\/tags?post=24731"}],"curies":[{"name":"wp","href":"https:\/\/api.w.org\/{rel}","templated":true}]}}