{"id":24740,"date":"2022-03-18T20:00:24","date_gmt":"2022-03-18T20:00:24","guid":{"rendered":"https:\/\/blogdorogeriogomes.com.br\/?p=24740"},"modified":"2022-03-21T11:57:27","modified_gmt":"2022-03-21T11:57:27","slug":"uso-de-mascaras-em-ambientes-abertos-deixa-de-ser-obrigatorio-no-ceara-a-partir-do-dia-21-de-marco","status":"publish","type":"post","link":"https:\/\/blogdorogeriogomes.com.br\/noticias\/2022\/03\/uso-de-mascaras-em-ambientes-abertos-deixa-de-ser-obrigatorio-no-ceara-a-partir-do-dia-21-de-marco\/","title":{"rendered":"Uso de m\u00e1scaras em ambientes abertos deixa de ser obrigat\u00f3rio no Cear\u00e1 a partir do dia 21 de mar\u00e7o"},"content":{"rendered":"\n<p>O novo Decreto Estadual de Enfrentamento \u00e0 Covid-19 determina que a partir de segunda-feira, dia 21 de mar\u00e7o, o uso de m\u00e1scaras faciais deixa de ser obrigat\u00f3rio em ambientes abertos em todo o Cear\u00e1. A medida foi anunciada pelo governador Camilo Santana ap\u00f3s reuni\u00e3o do Comit\u00ea Estadual, que toma medidas de preven\u00e7\u00e3o ao coronav\u00edrus. Diante da queda nos casos e o avan\u00e7o da vacina\u00e7\u00e3o em Fortaleza e no interior, o comit\u00ea s\u00f3 vai manter a obrigatoriedade do acess\u00f3rio em locais fechados e no transporte p\u00fablico. Tamb\u00e9m continua recomendado que pessoas dos grupos de risco usem as m\u00e1scaras.<\/p>\n\n\n\n<p>Oito estados e o Distrito Federal acabaram com a obrigatoriedade em locais abertos e fechados. Outros oito estados brasileiros&nbsp;autorizaram a retirada de m\u00e1scaras apenas em locais abertos.<\/p>\n\n\n\n<figure class=\"wp-block-image size-large\"><img loading=\"lazy\" decoding=\"async\" width=\"668\" height=\"459\" src=\"https:\/\/blogdorogeriogomes.com.br\/wp-content\/uploads\/2022\/03\/images-61.jpeg\" alt=\"\" class=\"wp-image-24741\" srcset=\"https:\/\/blogdorogeriogomes.com.br\/noticias\/wp-content\/uploads\/2022\/03\/images-61.jpeg 668w, https:\/\/blogdorogeriogomes.com.br\/noticias\/wp-content\/uploads\/2022\/03\/images-61-300x206.jpeg 300w\" sizes=\"auto, (max-width: 668px) 100vw, 668px\" \/><\/figure>\n\n\n\n<p><br><\/p>\n","protected":false},"excerpt":{"rendered":"<p>O novo Decreto Estadual de Enfrentamento \u00e0 Covid-19 determina que a partir de segunda-feira, dia 21 de mar\u00e7o, o uso de m\u00e1scaras faciais deixa de ser obrigat\u00f3rio em ambientes abertos em todo o Cear\u00e1. A medida foi anunciada pelo governador Camilo Santana ap\u00f3s reuni\u00e3o do Comit\u00ea Estadual, que toma medidas de preven\u00e7\u00e3o ao coronav\u00edrus. Diante da queda nos casos e o avan\u00e7o da vacina\u00e7\u00e3o em Fortaleza e no interior, o comit\u00ea s\u00f3 vai manter a obrigatoriedade do acess\u00f3rio em&hellip;<\/p>\n","protected":false},"author":1,"featured_media":24741,"comment_status":"open","ping_status":"open","sticky":false,"template":"","format":"standard","meta":{"footnotes":""},"categories":[1],"tags":[],"class_list":["post-24740","post","type-post","status-publish","format-standard","has-post-thumbnail","hentry","category-noticias"],"_links":{"self":[{"href":"https:\/\/blogdorogeriogomes.com.br\/noticias\/wp-json\/wp\/v2\/posts\/24740","targetHints":{"allow":["GET"]}}],"collection":[{"href":"https:\/\/blogdorogeriogomes.com.br\/noticias\/wp-json\/wp\/v2\/posts"}],"about":[{"href":"https:\/\/blogdorogeriogomes.com.br\/noticias\/wp-json\/wp\/v2\/types\/post"}],"author":[{"embeddable":true,"href":"https:\/\/blogdorogeriogomes.com.br\/noticias\/wp-json\/wp\/v2\/users\/1"}],"replies":[{"embeddable":true,"href":"https:\/\/blogdorogeriogomes.com.br\/noticias\/wp-json\/wp\/v2\/comments?post=24740"}],"version-history":[{"count":2,"href":"https:\/\/blogdorogeriogomes.com.br\/noticias\/wp-json\/wp\/v2\/posts\/24740\/revisions"}],"predecessor-version":[{"id":24760,"href":"https:\/\/blogdorogeriogomes.com.br\/noticias\/wp-json\/wp\/v2\/posts\/24740\/revisions\/24760"}],"wp:featuredmedia":[{"embeddable":true,"href":"https:\/\/blogdorogeriogomes.com.br\/noticias\/wp-json\/wp\/v2\/media\/24741"}],"wp:attachment":[{"href":"https:\/\/blogdorogeriogomes.com.br\/noticias\/wp-json\/wp\/v2\/media?parent=24740"}],"wp:term":[{"taxonomy":"category","embeddable":true,"href":"https:\/\/blogdorogeriogomes.com.br\/noticias\/wp-json\/wp\/v2\/categories?post=24740"},{"taxonomy":"post_tag","embeddable":true,"href":"https:\/\/blogdorogeriogomes.com.br\/noticias\/wp-json\/wp\/v2\/tags?post=24740"}],"curies":[{"name":"wp","href":"https:\/\/api.w.org\/{rel}","templated":true}]}}