{"id":24746,"date":"2022-03-19T10:01:46","date_gmt":"2022-03-19T10:01:46","guid":{"rendered":"https:\/\/blogdorogeriogomes.com.br\/?p=24746"},"modified":"2022-03-21T11:57:08","modified_gmt":"2022-03-21T11:57:08","slug":"no-dia-mundial-do-sono-especialistas-alertam-para-os-cuidados-necessarios-para-dormir-bem","status":"publish","type":"post","link":"https:\/\/blogdorogeriogomes.com.br\/noticias\/2022\/03\/no-dia-mundial-do-sono-especialistas-alertam-para-os-cuidados-necessarios-para-dormir-bem\/","title":{"rendered":"No Dia Mundial do Sono, especialistas alertam para os cuidados necess\u00e1rios para dormir bem"},"content":{"rendered":"\n<p>No Dia Mundial do Sono, comemorado neste s\u00e1bado, dia 19 de mar\u00e7o, o Ambulat\u00f3rio do Sono do Hospital Universit\u00e1rio Walter Cant\u00eddio (HUWC), do Complexo Hospitalar da UFC\/Ebserh (CH-UFC), refer\u00eancia no atendimento a pessoas com dist\u00farbios do sono, celebra essa data com informa\u00e7\u00e3o sobre os principais cuidados para garantir noites bem dormidas e as formas de tratamento para melhorar a qualidade de vida atrav\u00e9s de um sono saud\u00e1vel.<\/p>\n\n\n\n<p>O m\u00e9dico Manoel Sobreira, supervisor da resid\u00eancia m\u00e9dica de Medicina do Sono, explica que, assim como existe a necessidade de se alimentar, o sono \u00e9 uma fun\u00e7\u00e3o biol\u00f3gica importante e essencial \u00e0 vida. \u00c9 durante o per\u00edodo em que dormimos que acontece uma s\u00e9rie de produ\u00e7\u00f5es hormonais, recomposi\u00e7\u00e3o de neurotransmissores, assim como a consolida\u00e7\u00e3o da mem\u00f3ria e limpeza do c\u00e9rebro. H\u00e1 tamb\u00e9m uma forte rela\u00e7\u00e3o com a imunidade pois os indiv\u00edduos que dormem bem acabam tendo uma resposta imunol\u00f3gica mais r\u00e1pida, segundo o m\u00e9dico. Aqueles que dormem mal ou pouco, demonstram uma queda do sistema imunol\u00f3gico.&nbsp;<\/p>\n\n\n\n<p>Sintomas como ins\u00f4nia, dificuldade adormecer no hor\u00e1rio em que se deita e acordar v\u00e1rias vezes durante a noite j\u00e1 s\u00e3o sinais de que algo n\u00e3o vai bem. Para se ter uma ideia, a maior queixa de pacientes tratados pelo Ambulat\u00f3rio \u00e9 a apneia obstrutiva do sono, dist\u00farbio que provoca a parada de respira\u00e7\u00e3o enquanto se est\u00e1 dormindo, podendo apresentar-se de forma leve, moderada ou grave. Pessoas com esse problema frequentemente apresentam queixas de ronco, sonol\u00eancia excessiva, falta de concentra\u00e7\u00e3o, cansa\u00e7o e dor de cabe\u00e7a frequente.<\/p>\n\n\n\n<p>Para consulta no Ambulat\u00f3rio do Sono, o paciente deve ser encaminhado pela Unidade B\u00e1sica de Sa\u00fade de sua localidade. O funcionamento \u00e9 sempre \u00e0s quartas pela manh\u00e3, das 7h \u00e0s 12h, nas Policl\u00ednicas Especializadas (Ilhas).&nbsp;<\/p>\n\n\n\n<figure class=\"wp-block-image size-large\"><img loading=\"lazy\" decoding=\"async\" width=\"1024\" height=\"768\" src=\"https:\/\/blogdorogeriogomes.com.br\/wp-content\/uploads\/2022\/03\/IMG-20220317-WA0044-1024x768.jpg\" alt=\"\" class=\"wp-image-24747\" srcset=\"https:\/\/blogdorogeriogomes.com.br\/noticias\/wp-content\/uploads\/2022\/03\/IMG-20220317-WA0044-1024x768.jpg 1024w, https:\/\/blogdorogeriogomes.com.br\/noticias\/wp-content\/uploads\/2022\/03\/IMG-20220317-WA0044-300x225.jpg 300w, https:\/\/blogdorogeriogomes.com.br\/noticias\/wp-content\/uploads\/2022\/03\/IMG-20220317-WA0044-768x576.jpg 768w, https:\/\/blogdorogeriogomes.com.br\/noticias\/wp-content\/uploads\/2022\/03\/IMG-20220317-WA0044-800x600.jpg 800w, https:\/\/blogdorogeriogomes.com.br\/noticias\/wp-content\/uploads\/2022\/03\/IMG-20220317-WA0044-400x300.jpg 400w, https:\/\/blogdorogeriogomes.com.br\/noticias\/wp-content\/uploads\/2022\/03\/IMG-20220317-WA0044.jpg 1280w\" sizes=\"auto, (max-width: 1024px) 100vw, 1024px\" \/><\/figure>\n","protected":false},"excerpt":{"rendered":"<p>No Dia Mundial do Sono, comemorado neste s\u00e1bado, dia 19 de mar\u00e7o, o Ambulat\u00f3rio do Sono do Hospital Universit\u00e1rio Walter Cant\u00eddio (HUWC), do Complexo Hospitalar da UFC\/Ebserh (CH-UFC), refer\u00eancia no atendimento a pessoas com dist\u00farbios do sono, celebra essa data com informa\u00e7\u00e3o sobre os principais cuidados para garantir noites bem dormidas e as formas de tratamento para melhorar a qualidade de vida atrav\u00e9s de um sono saud\u00e1vel. O m\u00e9dico Manoel Sobreira, supervisor da resid\u00eancia m\u00e9dica de Medicina do Sono,&hellip;<\/p>\n","protected":false},"author":1,"featured_media":24747,"comment_status":"open","ping_status":"open","sticky":false,"template":"","format":"standard","meta":{"footnotes":""},"categories":[1],"tags":[],"class_list":["post-24746","post","type-post","status-publish","format-standard","has-post-thumbnail","hentry","category-noticias"],"_links":{"self":[{"href":"https:\/\/blogdorogeriogomes.com.br\/noticias\/wp-json\/wp\/v2\/posts\/24746","targetHints":{"allow":["GET"]}}],"collection":[{"href":"https:\/\/blogdorogeriogomes.com.br\/noticias\/wp-json\/wp\/v2\/posts"}],"about":[{"href":"https:\/\/blogdorogeriogomes.com.br\/noticias\/wp-json\/wp\/v2\/types\/post"}],"author":[{"embeddable":true,"href":"https:\/\/blogdorogeriogomes.com.br\/noticias\/wp-json\/wp\/v2\/users\/1"}],"replies":[{"embeddable":true,"href":"https:\/\/blogdorogeriogomes.com.br\/noticias\/wp-json\/wp\/v2\/comments?post=24746"}],"version-history":[{"count":2,"href":"https:\/\/blogdorogeriogomes.com.br\/noticias\/wp-json\/wp\/v2\/posts\/24746\/revisions"}],"predecessor-version":[{"id":24759,"href":"https:\/\/blogdorogeriogomes.com.br\/noticias\/wp-json\/wp\/v2\/posts\/24746\/revisions\/24759"}],"wp:featuredmedia":[{"embeddable":true,"href":"https:\/\/blogdorogeriogomes.com.br\/noticias\/wp-json\/wp\/v2\/media\/24747"}],"wp:attachment":[{"href":"https:\/\/blogdorogeriogomes.com.br\/noticias\/wp-json\/wp\/v2\/media?parent=24746"}],"wp:term":[{"taxonomy":"category","embeddable":true,"href":"https:\/\/blogdorogeriogomes.com.br\/noticias\/wp-json\/wp\/v2\/categories?post=24746"},{"taxonomy":"post_tag","embeddable":true,"href":"https:\/\/blogdorogeriogomes.com.br\/noticias\/wp-json\/wp\/v2\/tags?post=24746"}],"curies":[{"name":"wp","href":"https:\/\/api.w.org\/{rel}","templated":true}]}}