{"id":24750,"date":"2022-03-21T10:06:09","date_gmt":"2022-03-21T10:06:09","guid":{"rendered":"https:\/\/blogdorogeriogomes.com.br\/?p=24750"},"modified":"2022-03-21T11:56:59","modified_gmt":"2022-03-21T11:56:59","slug":"camilo-reune-pre-candidatos-governistas-definicao-do-nome-esta-proxima","status":"publish","type":"post","link":"https:\/\/blogdorogeriogomes.com.br\/noticias\/2022\/03\/camilo-reune-pre-candidatos-governistas-definicao-do-nome-esta-proxima\/","title":{"rendered":"Camilo re\u00fane pr\u00e9-candidatos governistas. Defini\u00e7\u00e3o do nome est\u00e1 pr\u00f3xima"},"content":{"rendered":"\n<p>O governador Camilo Santana (PT) deve deixar o Pal\u00e1cio da Aboli\u00e7\u00e3o at\u00e9 dia 2 de abril. Ser\u00e1 candidato ao Senado em outubro e entregar\u00e1 o Governo do Cear\u00e1 nas m\u00e3os da vice Izolda Cela (PDT). Esses dois fatos j\u00e1 s\u00e3o conhecidos do p\u00fablico. O que falta agora decidir \u00e9 quem ser\u00e1 o candidato governista para concorrer nas elei\u00e7\u00f5es estaduais deste ano. No \u00faltimo s\u00e1bado, dia 19 de mar\u00e7o, Camilo reuniu os quatro pr\u00e9-candidatos da situa\u00e7\u00e3o na oportunidade do batizado do filho Jos\u00e9.<\/p>\n\n\n\n<p>Izolda Cela, Mauro Filho, Roberto Cl\u00e1udio e Evandro Leit\u00e3o est\u00e3o no p\u00e1reo para ser indicados. Dentro do PDT, cada um tem utilizado sua estrat\u00e9gia para fortalecer a pr\u00e9-candidatura atrav\u00e9s de contatos pol\u00edticos e busca de aliados.<\/p>\n\n\n\n<p>Pesquisas internas e consultas a partidos aliados tamb\u00e9m ser\u00e3o determinantes para a defini\u00e7\u00e3o do nome. A expectativa \u00e9 que ao longo do m\u00eas de abril, o candidato governista seja conhecido. Afinal de contas, nas redes sociais a campanha pol\u00edtica parece que j\u00e1 come\u00e7ou.<\/p>\n\n\n\n<figure class=\"wp-block-image size-large\"><img loading=\"lazy\" decoding=\"async\" width=\"818\" height=\"459\" src=\"https:\/\/blogdorogeriogomes.com.br\/wp-content\/uploads\/2022\/03\/1_camilo_pdt-18360276.jpg\" alt=\"\" class=\"wp-image-24751\" srcset=\"https:\/\/blogdorogeriogomes.com.br\/noticias\/wp-content\/uploads\/2022\/03\/1_camilo_pdt-18360276.jpg 818w, https:\/\/blogdorogeriogomes.com.br\/noticias\/wp-content\/uploads\/2022\/03\/1_camilo_pdt-18360276-300x168.jpg 300w, https:\/\/blogdorogeriogomes.com.br\/noticias\/wp-content\/uploads\/2022\/03\/1_camilo_pdt-18360276-768x431.jpg 768w, https:\/\/blogdorogeriogomes.com.br\/noticias\/wp-content\/uploads\/2022\/03\/1_camilo_pdt-18360276-800x449.jpg 800w\" sizes=\"auto, (max-width: 818px) 100vw, 818px\" \/><\/figure>\n","protected":false},"excerpt":{"rendered":"<p>O governador Camilo Santana (PT) deve deixar o Pal\u00e1cio da Aboli\u00e7\u00e3o at\u00e9 dia 2 de abril. Ser\u00e1 candidato ao Senado em outubro e entregar\u00e1 o Governo do Cear\u00e1 nas m\u00e3os da vice Izolda Cela (PDT). Esses dois fatos j\u00e1 s\u00e3o conhecidos do p\u00fablico. O que falta agora decidir \u00e9 quem ser\u00e1 o candidato governista para concorrer nas elei\u00e7\u00f5es estaduais deste ano. No \u00faltimo s\u00e1bado, dia 19 de mar\u00e7o, Camilo reuniu os quatro pr\u00e9-candidatos da situa\u00e7\u00e3o na oportunidade do batizado&hellip;<\/p>\n","protected":false},"author":1,"featured_media":24751,"comment_status":"open","ping_status":"open","sticky":false,"template":"","format":"standard","meta":{"footnotes":""},"categories":[1],"tags":[],"class_list":["post-24750","post","type-post","status-publish","format-standard","has-post-thumbnail","hentry","category-noticias"],"_links":{"self":[{"href":"https:\/\/blogdorogeriogomes.com.br\/noticias\/wp-json\/wp\/v2\/posts\/24750","targetHints":{"allow":["GET"]}}],"collection":[{"href":"https:\/\/blogdorogeriogomes.com.br\/noticias\/wp-json\/wp\/v2\/posts"}],"about":[{"href":"https:\/\/blogdorogeriogomes.com.br\/noticias\/wp-json\/wp\/v2\/types\/post"}],"author":[{"embeddable":true,"href":"https:\/\/blogdorogeriogomes.com.br\/noticias\/wp-json\/wp\/v2\/users\/1"}],"replies":[{"embeddable":true,"href":"https:\/\/blogdorogeriogomes.com.br\/noticias\/wp-json\/wp\/v2\/comments?post=24750"}],"version-history":[{"count":1,"href":"https:\/\/blogdorogeriogomes.com.br\/noticias\/wp-json\/wp\/v2\/posts\/24750\/revisions"}],"predecessor-version":[{"id":24752,"href":"https:\/\/blogdorogeriogomes.com.br\/noticias\/wp-json\/wp\/v2\/posts\/24750\/revisions\/24752"}],"wp:featuredmedia":[{"embeddable":true,"href":"https:\/\/blogdorogeriogomes.com.br\/noticias\/wp-json\/wp\/v2\/media\/24751"}],"wp:attachment":[{"href":"https:\/\/blogdorogeriogomes.com.br\/noticias\/wp-json\/wp\/v2\/media?parent=24750"}],"wp:term":[{"taxonomy":"category","embeddable":true,"href":"https:\/\/blogdorogeriogomes.com.br\/noticias\/wp-json\/wp\/v2\/categories?post=24750"},{"taxonomy":"post_tag","embeddable":true,"href":"https:\/\/blogdorogeriogomes.com.br\/noticias\/wp-json\/wp\/v2\/tags?post=24750"}],"curies":[{"name":"wp","href":"https:\/\/api.w.org\/{rel}","templated":true}]}}