{"id":24753,"date":"2022-03-21T10:23:58","date_gmt":"2022-03-21T10:23:58","guid":{"rendered":"https:\/\/blogdorogeriogomes.com.br\/?p=24753"},"modified":"2022-03-21T11:56:50","modified_gmt":"2022-03-21T11:56:50","slug":"agricultura-familiar-no-ceara-vai-receber-investimento-de-r-400-milhoes","status":"publish","type":"post","link":"https:\/\/blogdorogeriogomes.com.br\/noticias\/2022\/03\/agricultura-familiar-no-ceara-vai-receber-investimento-de-r-400-milhoes\/","title":{"rendered":"Agricultura familiar no Cear\u00e1 vai receber investimento de R$ 400 milh\u00f5es"},"content":{"rendered":"\n<p>No Dia de S\u00e3o Jos\u00e9, padroeiro do Cear\u00e1, que transcorreu no \u00faltimo s\u00e1bado, dia 19 de mar\u00e7o, o Governo do Estado anunciou mais de mais de R$ 400 milh\u00f5es em investimentos para a agricultura familiar.<\/p>\n\n\n\n<p>S\u00e3o a\u00e7\u00f5es de apoio \u00e0 pesca artesanal, saneamento rural, mecaniza\u00e7\u00e3o agr\u00edcola, capacita\u00e7\u00e3o para agricultores das cadeias produtivas da agricultura familiar.<\/p>\n\n\n\n<p>A solenidade marcou a efetiva\u00e7\u00e3o de 192 aprovados no \u00faltimo concurso para a Empresa de Assist\u00eancia T\u00e9cnica e Extens\u00e3o Rural do Cear\u00e1 (Ematerce), vinculada \u00e0 Secretaria do Desenvolvimento Agr\u00e1rio (SDA).<\/p>\n\n\n\n<p>Na ocasi\u00e3o, foi anunciado que o Cear\u00e1 passa a contar com uma nova escola de pesca para capacitar os pescadores e impulsionar a atividade nos munic\u00edpios.<\/p>\n\n\n\n<figure class=\"wp-block-image size-large\"><img loading=\"lazy\" decoding=\"async\" width=\"679\" height=\"452\" src=\"https:\/\/blogdorogeriogomes.com.br\/wp-content\/uploads\/2022\/03\/images-64.jpeg\" alt=\"\" class=\"wp-image-24754\" srcset=\"https:\/\/blogdorogeriogomes.com.br\/noticias\/wp-content\/uploads\/2022\/03\/images-64.jpeg 679w, https:\/\/blogdorogeriogomes.com.br\/noticias\/wp-content\/uploads\/2022\/03\/images-64-300x200.jpeg 300w\" sizes=\"auto, (max-width: 679px) 100vw, 679px\" \/><\/figure>\n","protected":false},"excerpt":{"rendered":"<p>No Dia de S\u00e3o Jos\u00e9, padroeiro do Cear\u00e1, que transcorreu no \u00faltimo s\u00e1bado, dia 19 de mar\u00e7o, o Governo do Estado anunciou mais de mais de R$ 400 milh\u00f5es em investimentos para a agricultura familiar. S\u00e3o a\u00e7\u00f5es de apoio \u00e0 pesca artesanal, saneamento rural, mecaniza\u00e7\u00e3o agr\u00edcola, capacita\u00e7\u00e3o para agricultores das cadeias produtivas da agricultura familiar. A solenidade marcou a efetiva\u00e7\u00e3o de 192 aprovados no \u00faltimo concurso para a Empresa de Assist\u00eancia T\u00e9cnica e Extens\u00e3o Rural do Cear\u00e1 (Ematerce), vinculada&hellip;<\/p>\n","protected":false},"author":1,"featured_media":24754,"comment_status":"open","ping_status":"open","sticky":false,"template":"","format":"standard","meta":{"footnotes":""},"categories":[1],"tags":[],"class_list":["post-24753","post","type-post","status-publish","format-standard","has-post-thumbnail","hentry","category-noticias"],"_links":{"self":[{"href":"https:\/\/blogdorogeriogomes.com.br\/noticias\/wp-json\/wp\/v2\/posts\/24753","targetHints":{"allow":["GET"]}}],"collection":[{"href":"https:\/\/blogdorogeriogomes.com.br\/noticias\/wp-json\/wp\/v2\/posts"}],"about":[{"href":"https:\/\/blogdorogeriogomes.com.br\/noticias\/wp-json\/wp\/v2\/types\/post"}],"author":[{"embeddable":true,"href":"https:\/\/blogdorogeriogomes.com.br\/noticias\/wp-json\/wp\/v2\/users\/1"}],"replies":[{"embeddable":true,"href":"https:\/\/blogdorogeriogomes.com.br\/noticias\/wp-json\/wp\/v2\/comments?post=24753"}],"version-history":[{"count":1,"href":"https:\/\/blogdorogeriogomes.com.br\/noticias\/wp-json\/wp\/v2\/posts\/24753\/revisions"}],"predecessor-version":[{"id":24755,"href":"https:\/\/blogdorogeriogomes.com.br\/noticias\/wp-json\/wp\/v2\/posts\/24753\/revisions\/24755"}],"wp:featuredmedia":[{"embeddable":true,"href":"https:\/\/blogdorogeriogomes.com.br\/noticias\/wp-json\/wp\/v2\/media\/24754"}],"wp:attachment":[{"href":"https:\/\/blogdorogeriogomes.com.br\/noticias\/wp-json\/wp\/v2\/media?parent=24753"}],"wp:term":[{"taxonomy":"category","embeddable":true,"href":"https:\/\/blogdorogeriogomes.com.br\/noticias\/wp-json\/wp\/v2\/categories?post=24753"},{"taxonomy":"post_tag","embeddable":true,"href":"https:\/\/blogdorogeriogomes.com.br\/noticias\/wp-json\/wp\/v2\/tags?post=24753"}],"curies":[{"name":"wp","href":"https:\/\/api.w.org\/{rel}","templated":true}]}}