{"id":24764,"date":"2022-03-21T22:49:14","date_gmt":"2022-03-21T22:49:14","guid":{"rendered":"https:\/\/blogdorogeriogomes.com.br\/?p=24764"},"modified":"2022-03-22T12:53:45","modified_gmt":"2022-03-22T12:53:45","slug":"conselho-de-governadores-se-reune-pela-primeira-vez-no-palacio-da-abolicao","status":"publish","type":"post","link":"https:\/\/blogdorogeriogomes.com.br\/noticias\/2022\/03\/conselho-de-governadores-se-reune-pela-primeira-vez-no-palacio-da-abolicao\/","title":{"rendered":"Conselho de Governadores se re\u00fane pela primeira vez no Pal\u00e1cio da Aboli\u00e7\u00e3o"},"content":{"rendered":"\n<p>Formado por ex-chefes do Executivo Estadual, o Conselho de Governadores do Cear\u00e1 se reuniu pela primeira vez nesta segunda-feira, dia 21 de mar\u00e7o, no Pal\u00e1cio da Aboli\u00e7\u00e3o, em Fortaleza. O principal tema do encontro foi o projeto Cear\u00e1 2050 que gerou uma Proposta de Emenda Constitucional que o transforma em norte a ser seguido no planejamento das a\u00e7\u00f5es do Governo do Cear\u00e1. Estiveram presentes na reuni\u00e3o do Conselho os ex-governadores Ciro Gomes, Cid Gomes, Tasso Jereissati, L\u00facio Alc\u00e2ntara, Francisco Aguiar e Gonzaga Mota, al\u00e9m do atual chefe do Executivo cearense, Camilo Santana, e sua vice Izolda Cela.<\/p>\n\n\n\n<p>&nbsp;\u201c\u00c9 um planejamento de m\u00e9dio e longo prazo para o estado. A gente precisa sempre pensar nas pol\u00edticas n\u00e3o como pol\u00edtica de governo, mas pol\u00edtica de Estado, que independentemente do governador que assuma, as pol\u00edticas possam continuar. O Cear\u00e1 2050 \u00e9 uma plataforma constru\u00edda liderada pela Universidade Federal do Cear\u00e1, ouvindo toda a sociedade, os setores, academia. \u00c9 um documento importante para guiar os passos que n\u00f3s queremos dar nos pr\u00f3ximos 30 anos\u201d, enfatizou o governador Camilo Santana.<\/p>\n\n\n\n<figure class=\"wp-block-image size-large\"><img loading=\"lazy\" decoding=\"async\" width=\"1024\" height=\"683\" src=\"https:\/\/blogdorogeriogomes.com.br\/wp-content\/uploads\/2022\/03\/IMG-20220321-WA0121-1024x683.jpg\" alt=\"\" class=\"wp-image-24765\" srcset=\"https:\/\/blogdorogeriogomes.com.br\/noticias\/wp-content\/uploads\/2022\/03\/IMG-20220321-WA0121-1024x683.jpg 1024w, https:\/\/blogdorogeriogomes.com.br\/noticias\/wp-content\/uploads\/2022\/03\/IMG-20220321-WA0121-300x200.jpg 300w, https:\/\/blogdorogeriogomes.com.br\/noticias\/wp-content\/uploads\/2022\/03\/IMG-20220321-WA0121-768x512.jpg 768w, https:\/\/blogdorogeriogomes.com.br\/noticias\/wp-content\/uploads\/2022\/03\/IMG-20220321-WA0121-800x533.jpg 800w, https:\/\/blogdorogeriogomes.com.br\/noticias\/wp-content\/uploads\/2022\/03\/IMG-20220321-WA0121.jpg 1080w\" sizes=\"auto, (max-width: 1024px) 100vw, 1024px\" \/><\/figure>\n","protected":false},"excerpt":{"rendered":"<p>Formado por ex-chefes do Executivo Estadual, o Conselho de Governadores do Cear\u00e1 se reuniu pela primeira vez nesta segunda-feira, dia 21 de mar\u00e7o, no Pal\u00e1cio da Aboli\u00e7\u00e3o, em Fortaleza. O principal tema do encontro foi o projeto Cear\u00e1 2050 que gerou uma Proposta de Emenda Constitucional que o transforma em norte a ser seguido no planejamento das a\u00e7\u00f5es do Governo do Cear\u00e1. Estiveram presentes na reuni\u00e3o do Conselho os ex-governadores Ciro Gomes, Cid Gomes, Tasso Jereissati, L\u00facio Alc\u00e2ntara, Francisco&hellip;<\/p>\n","protected":false},"author":1,"featured_media":24765,"comment_status":"open","ping_status":"open","sticky":false,"template":"","format":"standard","meta":{"footnotes":""},"categories":[1],"tags":[],"class_list":["post-24764","post","type-post","status-publish","format-standard","has-post-thumbnail","hentry","category-noticias"],"_links":{"self":[{"href":"https:\/\/blogdorogeriogomes.com.br\/noticias\/wp-json\/wp\/v2\/posts\/24764","targetHints":{"allow":["GET"]}}],"collection":[{"href":"https:\/\/blogdorogeriogomes.com.br\/noticias\/wp-json\/wp\/v2\/posts"}],"about":[{"href":"https:\/\/blogdorogeriogomes.com.br\/noticias\/wp-json\/wp\/v2\/types\/post"}],"author":[{"embeddable":true,"href":"https:\/\/blogdorogeriogomes.com.br\/noticias\/wp-json\/wp\/v2\/users\/1"}],"replies":[{"embeddable":true,"href":"https:\/\/blogdorogeriogomes.com.br\/noticias\/wp-json\/wp\/v2\/comments?post=24764"}],"version-history":[{"count":2,"href":"https:\/\/blogdorogeriogomes.com.br\/noticias\/wp-json\/wp\/v2\/posts\/24764\/revisions"}],"predecessor-version":[{"id":24777,"href":"https:\/\/blogdorogeriogomes.com.br\/noticias\/wp-json\/wp\/v2\/posts\/24764\/revisions\/24777"}],"wp:featuredmedia":[{"embeddable":true,"href":"https:\/\/blogdorogeriogomes.com.br\/noticias\/wp-json\/wp\/v2\/media\/24765"}],"wp:attachment":[{"href":"https:\/\/blogdorogeriogomes.com.br\/noticias\/wp-json\/wp\/v2\/media?parent=24764"}],"wp:term":[{"taxonomy":"category","embeddable":true,"href":"https:\/\/blogdorogeriogomes.com.br\/noticias\/wp-json\/wp\/v2\/categories?post=24764"},{"taxonomy":"post_tag","embeddable":true,"href":"https:\/\/blogdorogeriogomes.com.br\/noticias\/wp-json\/wp\/v2\/tags?post=24764"}],"curies":[{"name":"wp","href":"https:\/\/api.w.org\/{rel}","templated":true}]}}