{"id":24770,"date":"2022-03-22T10:22:59","date_gmt":"2022-03-22T10:22:59","guid":{"rendered":"https:\/\/blogdorogeriogomes.com.br\/?p=24770"},"modified":"2022-03-22T12:53:21","modified_gmt":"2022-03-22T12:53:21","slug":"pt-filia-mais-tres-deputados-e-ficara-com-a-segunda-mais-e-bancada-na-assembleia-legislativa","status":"publish","type":"post","link":"https:\/\/blogdorogeriogomes.com.br\/noticias\/2022\/03\/pt-filia-mais-tres-deputados-e-ficara-com-a-segunda-mais-e-bancada-na-assembleia-legislativa\/","title":{"rendered":"PT filia mais tr\u00eas deputados e ficar\u00e1 com a segunda maior bancada na Assembleia Legislativa"},"content":{"rendered":"\n<p>O PT estadual vai filiar mais tr\u00eas deputados estaduais e ficar\u00e1 com a segunda maior bancada na Assembleia Legislativa do Cear\u00e1. Os novos filiados ser\u00e3o dos deputados J\u00falio C\u00e9sar Filho (Cidadania),  Augusta Brito (PCdoB) e Nizo Costa (PSB).<\/p>\n\n\n\n<p>O PT conta hoje com uma bancada na Assembleia formada por Acr\u00edsio Sena, Elmano de Freitas, Fernando Santana e Mois\u00e9s Braz. Com a chegada dos tr\u00eas novos parlamentares, o partido salta para sete representantes no Poder Legislativo cearense.<\/p>\n\n\n\n<p>O PT deve manter a alian\u00e7a com o PDT para a disputa estadual em outubro. O partido deve ter o governador Camilo Santana concorrendo ao Senado e ainda negocia a possibilidade de indicar o candidato a vice-governador na chapa que ser\u00e1 encabe\u00e7ada pelos pedetistas.<\/p>\n\n\n\n<figure class=\"wp-block-image size-large\"><img loading=\"lazy\" decoding=\"async\" width=\"739\" height=\"415\" src=\"https:\/\/blogdorogeriogomes.com.br\/wp-content\/uploads\/2022\/03\/images-66.jpeg\" alt=\"\" class=\"wp-image-24771\" srcset=\"https:\/\/blogdorogeriogomes.com.br\/noticias\/wp-content\/uploads\/2022\/03\/images-66.jpeg 739w, https:\/\/blogdorogeriogomes.com.br\/noticias\/wp-content\/uploads\/2022\/03\/images-66-300x168.jpeg 300w\" sizes=\"auto, (max-width: 739px) 100vw, 739px\" \/><\/figure>\n","protected":false},"excerpt":{"rendered":"<p>O PT estadual vai filiar mais tr\u00eas deputados estaduais e ficar\u00e1 com a segunda maior bancada na Assembleia Legislativa do Cear\u00e1. Os novos filiados ser\u00e3o dos deputados J\u00falio C\u00e9sar Filho (Cidadania), Augusta Brito (PCdoB) e Nizo Costa (PSB). O PT conta hoje com uma bancada na Assembleia formada por Acr\u00edsio Sena, Elmano de Freitas, Fernando Santana e Mois\u00e9s Braz. Com a chegada dos tr\u00eas novos parlamentares, o partido salta para sete representantes no Poder Legislativo cearense. O PT deve&hellip;<\/p>\n","protected":false},"author":1,"featured_media":24771,"comment_status":"open","ping_status":"open","sticky":false,"template":"","format":"standard","meta":{"footnotes":""},"categories":[1],"tags":[],"class_list":["post-24770","post","type-post","status-publish","format-standard","has-post-thumbnail","hentry","category-noticias"],"_links":{"self":[{"href":"https:\/\/blogdorogeriogomes.com.br\/noticias\/wp-json\/wp\/v2\/posts\/24770","targetHints":{"allow":["GET"]}}],"collection":[{"href":"https:\/\/blogdorogeriogomes.com.br\/noticias\/wp-json\/wp\/v2\/posts"}],"about":[{"href":"https:\/\/blogdorogeriogomes.com.br\/noticias\/wp-json\/wp\/v2\/types\/post"}],"author":[{"embeddable":true,"href":"https:\/\/blogdorogeriogomes.com.br\/noticias\/wp-json\/wp\/v2\/users\/1"}],"replies":[{"embeddable":true,"href":"https:\/\/blogdorogeriogomes.com.br\/noticias\/wp-json\/wp\/v2\/comments?post=24770"}],"version-history":[{"count":2,"href":"https:\/\/blogdorogeriogomes.com.br\/noticias\/wp-json\/wp\/v2\/posts\/24770\/revisions"}],"predecessor-version":[{"id":24773,"href":"https:\/\/blogdorogeriogomes.com.br\/noticias\/wp-json\/wp\/v2\/posts\/24770\/revisions\/24773"}],"wp:featuredmedia":[{"embeddable":true,"href":"https:\/\/blogdorogeriogomes.com.br\/noticias\/wp-json\/wp\/v2\/media\/24771"}],"wp:attachment":[{"href":"https:\/\/blogdorogeriogomes.com.br\/noticias\/wp-json\/wp\/v2\/media?parent=24770"}],"wp:term":[{"taxonomy":"category","embeddable":true,"href":"https:\/\/blogdorogeriogomes.com.br\/noticias\/wp-json\/wp\/v2\/categories?post=24770"},{"taxonomy":"post_tag","embeddable":true,"href":"https:\/\/blogdorogeriogomes.com.br\/noticias\/wp-json\/wp\/v2\/tags?post=24770"}],"curies":[{"name":"wp","href":"https:\/\/api.w.org\/{rel}","templated":true}]}}