{"id":24794,"date":"2022-03-23T21:03:40","date_gmt":"2022-03-23T21:03:40","guid":{"rendered":"https:\/\/blogdorogeriogomes.com.br\/?p=24794"},"modified":"2022-03-24T12:51:38","modified_gmt":"2022-03-24T12:51:38","slug":"alckmin-se-filia-ao-psb-e-discute-com-o-pt-os-detalhes-para-lancamento-de-chapa-com-lula","status":"publish","type":"post","link":"https:\/\/blogdorogeriogomes.com.br\/noticias\/2022\/03\/alckmin-se-filia-ao-psb-e-discute-com-o-pt-os-detalhes-para-lancamento-de-chapa-com-lula\/","title":{"rendered":"Alckmin se filia ao PSB e discute com o PT os detalhes para lan\u00e7amento de chapa com Lula"},"content":{"rendered":"\n<p>O ex-governador de S\u00e3o Paulo, Geraldo Alckmin, est\u00e1 filiado oficialmente ao PSB. Em ato realizado nesta quarta-feira, dia 23 de mar\u00e7o, em Bras\u00edlia, o ex-tucano mostrou proximidade com for\u00e7as da centro-esquerda e a disposi\u00e7\u00e3o de formar um esfor\u00e7o amplo para retirar Jair Bolsonaro da Presid\u00eancia da Rep\u00fablica. E a forma\u00e7\u00e3o da frente ampla passa pela chapa Lula\/Alckmin articulada entre PT e PSB.<\/p>\n\n\n\n<p>&#8220;Temos que ter os olhos abertos para enxergar, a humildade para entender que ele (Lula) \u00e9 hoje o que melhor interpreta o sentimento de esperan\u00e7a do povo. Ele representa a pr\u00f3pria democracia porque ele \u00e9 fruto da democracia&#8221;, disse Geraldo Alckmin na cerim\u00f4nia de filia\u00e7\u00e3o.<\/p>\n\n\n\n<p>Lula estuda lan\u00e7ar sua pr\u00e9-candidatura \u00e0 Presid\u00eancia em um ato p\u00fablico no dia 1\u00ba de maio, em S\u00e3o Paulo. O objetivo seria juntar o ato pol\u00edtico \u00e0s festividades pelo Dia do Trabalho, junto com movimentos sindicais e sociais. A data ainda ser\u00e1 confirmada pela dire\u00e7\u00e3o do PT.<\/p>\n\n\n\n<figure class=\"wp-block-image size-large\"><img loading=\"lazy\" decoding=\"async\" width=\"600\" height=\"400\" src=\"https:\/\/blogdorogeriogomes.com.br\/wp-content\/uploads\/2022\/03\/images-69.jpeg\" alt=\"\" class=\"wp-image-24795\" srcset=\"https:\/\/blogdorogeriogomes.com.br\/noticias\/wp-content\/uploads\/2022\/03\/images-69.jpeg 600w, https:\/\/blogdorogeriogomes.com.br\/noticias\/wp-content\/uploads\/2022\/03\/images-69-300x200.jpeg 300w\" sizes=\"auto, (max-width: 600px) 100vw, 600px\" \/><\/figure>\n","protected":false},"excerpt":{"rendered":"<p>O ex-governador de S\u00e3o Paulo, Geraldo Alckmin, est\u00e1 filiado oficialmente ao PSB. Em ato realizado nesta quarta-feira, dia 23 de mar\u00e7o, em Bras\u00edlia, o ex-tucano mostrou proximidade com for\u00e7as da centro-esquerda e a disposi\u00e7\u00e3o de formar um esfor\u00e7o amplo para retirar Jair Bolsonaro da Presid\u00eancia da Rep\u00fablica. E a forma\u00e7\u00e3o da frente ampla passa pela chapa Lula\/Alckmin articulada entre PT e PSB. &#8220;Temos que ter os olhos abertos para enxergar, a humildade para entender que ele (Lula) \u00e9 hoje&hellip;<\/p>\n","protected":false},"author":1,"featured_media":24795,"comment_status":"open","ping_status":"open","sticky":false,"template":"","format":"standard","meta":{"footnotes":""},"categories":[1],"tags":[],"class_list":["post-24794","post","type-post","status-publish","format-standard","has-post-thumbnail","hentry","category-noticias"],"_links":{"self":[{"href":"https:\/\/blogdorogeriogomes.com.br\/noticias\/wp-json\/wp\/v2\/posts\/24794","targetHints":{"allow":["GET"]}}],"collection":[{"href":"https:\/\/blogdorogeriogomes.com.br\/noticias\/wp-json\/wp\/v2\/posts"}],"about":[{"href":"https:\/\/blogdorogeriogomes.com.br\/noticias\/wp-json\/wp\/v2\/types\/post"}],"author":[{"embeddable":true,"href":"https:\/\/blogdorogeriogomes.com.br\/noticias\/wp-json\/wp\/v2\/users\/1"}],"replies":[{"embeddable":true,"href":"https:\/\/blogdorogeriogomes.com.br\/noticias\/wp-json\/wp\/v2\/comments?post=24794"}],"version-history":[{"count":1,"href":"https:\/\/blogdorogeriogomes.com.br\/noticias\/wp-json\/wp\/v2\/posts\/24794\/revisions"}],"predecessor-version":[{"id":24796,"href":"https:\/\/blogdorogeriogomes.com.br\/noticias\/wp-json\/wp\/v2\/posts\/24794\/revisions\/24796"}],"wp:featuredmedia":[{"embeddable":true,"href":"https:\/\/blogdorogeriogomes.com.br\/noticias\/wp-json\/wp\/v2\/media\/24795"}],"wp:attachment":[{"href":"https:\/\/blogdorogeriogomes.com.br\/noticias\/wp-json\/wp\/v2\/media?parent=24794"}],"wp:term":[{"taxonomy":"category","embeddable":true,"href":"https:\/\/blogdorogeriogomes.com.br\/noticias\/wp-json\/wp\/v2\/categories?post=24794"},{"taxonomy":"post_tag","embeddable":true,"href":"https:\/\/blogdorogeriogomes.com.br\/noticias\/wp-json\/wp\/v2\/tags?post=24794"}],"curies":[{"name":"wp","href":"https:\/\/api.w.org\/{rel}","templated":true}]}}