{"id":24803,"date":"2022-03-24T10:41:54","date_gmt":"2022-03-24T10:41:54","guid":{"rendered":"https:\/\/blogdorogeriogomes.com.br\/?p=24803"},"modified":"2022-03-24T12:49:28","modified_gmt":"2022-03-24T12:49:28","slug":"atlas-do-capital-humano-e-lancado-em-parceria-da-fiec-e-prefeitura-de-fortaleza","status":"publish","type":"post","link":"https:\/\/blogdorogeriogomes.com.br\/noticias\/2022\/03\/atlas-do-capital-humano-e-lancado-em-parceria-da-fiec-e-prefeitura-de-fortaleza\/","title":{"rendered":"Atlas do Capital Humano \u00e9 lan\u00e7ado em parceria da Fiec e Prefeitura de Fortaleza"},"content":{"rendered":"\n<p>Uma parceria da Prefeitura de Fortaleza e da Federa\u00e7\u00e3o das Ind\u00fastrias do Estado do Cear\u00e1 (Fiec) resultou no lan\u00e7amento do Atlas do Capital Humano. A iniciativa \u00e9 uma plataforma anal\u00edtica com dados descritivos sobre os profissionais da cidade, que tamb\u00e9m teve a participa\u00e7\u00e3o do Observat\u00f3rio de Fortaleza.<\/p>\n\n\n\n<p>O Atlas do Capital Humano tem como objetivo gerar informa\u00e7\u00f5es sobre educa\u00e7\u00e3o b\u00e1sica, profissional de n\u00edvel m\u00e9dio e superior e a forma\u00e7\u00e3o profissional de curta dura\u00e7\u00e3o, para compreender como a constru\u00e7\u00e3o e o investimento em capital humano est\u00e3o relacionados ao desenvolvimento econ\u00f4mico de Fortaleza.<\/p>\n\n\n\n<p>A equipe do Instituto de Planejamento de Fortaleza (Iplanfor) \u00e9 liderada pelo vice-prefeito, \u00c9lcio Batista. O prefeito Jos\u00e9 Sarto prestigiou o lan\u00e7amento do Atlas do Capital Humano ao lado do presidente da Fiec, Ricardo Cavalcante.<\/p>\n\n\n\n<p>Em tempo: Ricardo Cavalcante \u00e9 um dos nove agraciados com a Medalha da Aboli\u00e7\u00e3o 2020\/2022 nesta sexta-feira, dia 25 de mar\u00e7o, no Pal\u00e1cio da Aboli\u00e7\u00e3o.<\/p>\n\n\n\n<figure class=\"wp-block-image size-large\"><img loading=\"lazy\" decoding=\"async\" width=\"1024\" height=\"686\" src=\"https:\/\/blogdorogeriogomes.com.br\/wp-content\/uploads\/2022\/03\/IMG-20220324-WA0010-1024x686.jpg\" alt=\"\" class=\"wp-image-24804\" srcset=\"https:\/\/blogdorogeriogomes.com.br\/noticias\/wp-content\/uploads\/2022\/03\/IMG-20220324-WA0010-1024x686.jpg 1024w, https:\/\/blogdorogeriogomes.com.br\/noticias\/wp-content\/uploads\/2022\/03\/IMG-20220324-WA0010-300x201.jpg 300w, https:\/\/blogdorogeriogomes.com.br\/noticias\/wp-content\/uploads\/2022\/03\/IMG-20220324-WA0010-768x514.jpg 768w, https:\/\/blogdorogeriogomes.com.br\/noticias\/wp-content\/uploads\/2022\/03\/IMG-20220324-WA0010-800x536.jpg 800w, https:\/\/blogdorogeriogomes.com.br\/noticias\/wp-content\/uploads\/2022\/03\/IMG-20220324-WA0010.jpg 1080w\" sizes=\"auto, (max-width: 1024px) 100vw, 1024px\" \/><\/figure>\n","protected":false},"excerpt":{"rendered":"<p>Uma parceria da Prefeitura de Fortaleza e da Federa\u00e7\u00e3o das Ind\u00fastrias do Estado do Cear\u00e1 (Fiec) resultou no lan\u00e7amento do Atlas do Capital Humano. A iniciativa \u00e9 uma plataforma anal\u00edtica com dados descritivos sobre os profissionais da cidade, que tamb\u00e9m teve a participa\u00e7\u00e3o do Observat\u00f3rio de Fortaleza. O Atlas do Capital Humano tem como objetivo gerar informa\u00e7\u00f5es sobre educa\u00e7\u00e3o b\u00e1sica, profissional de n\u00edvel m\u00e9dio e superior e a forma\u00e7\u00e3o profissional de curta dura\u00e7\u00e3o, para compreender como a constru\u00e7\u00e3o e&hellip;<\/p>\n","protected":false},"author":1,"featured_media":24804,"comment_status":"open","ping_status":"open","sticky":false,"template":"","format":"standard","meta":{"footnotes":""},"categories":[1],"tags":[],"class_list":["post-24803","post","type-post","status-publish","format-standard","has-post-thumbnail","hentry","category-noticias"],"_links":{"self":[{"href":"https:\/\/blogdorogeriogomes.com.br\/noticias\/wp-json\/wp\/v2\/posts\/24803","targetHints":{"allow":["GET"]}}],"collection":[{"href":"https:\/\/blogdorogeriogomes.com.br\/noticias\/wp-json\/wp\/v2\/posts"}],"about":[{"href":"https:\/\/blogdorogeriogomes.com.br\/noticias\/wp-json\/wp\/v2\/types\/post"}],"author":[{"embeddable":true,"href":"https:\/\/blogdorogeriogomes.com.br\/noticias\/wp-json\/wp\/v2\/users\/1"}],"replies":[{"embeddable":true,"href":"https:\/\/blogdorogeriogomes.com.br\/noticias\/wp-json\/wp\/v2\/comments?post=24803"}],"version-history":[{"count":2,"href":"https:\/\/blogdorogeriogomes.com.br\/noticias\/wp-json\/wp\/v2\/posts\/24803\/revisions"}],"predecessor-version":[{"id":24806,"href":"https:\/\/blogdorogeriogomes.com.br\/noticias\/wp-json\/wp\/v2\/posts\/24803\/revisions\/24806"}],"wp:featuredmedia":[{"embeddable":true,"href":"https:\/\/blogdorogeriogomes.com.br\/noticias\/wp-json\/wp\/v2\/media\/24804"}],"wp:attachment":[{"href":"https:\/\/blogdorogeriogomes.com.br\/noticias\/wp-json\/wp\/v2\/media?parent=24803"}],"wp:term":[{"taxonomy":"category","embeddable":true,"href":"https:\/\/blogdorogeriogomes.com.br\/noticias\/wp-json\/wp\/v2\/categories?post=24803"},{"taxonomy":"post_tag","embeddable":true,"href":"https:\/\/blogdorogeriogomes.com.br\/noticias\/wp-json\/wp\/v2\/tags?post=24803"}],"curies":[{"name":"wp","href":"https:\/\/api.w.org\/{rel}","templated":true}]}}