{"id":24819,"date":"2022-03-26T11:29:01","date_gmt":"2022-03-26T11:29:01","guid":{"rendered":"https:\/\/blogdorogeriogomes.com.br\/?p=24819"},"modified":"2022-03-28T13:42:22","modified_gmt":"2022-03-28T13:42:22","slug":"governo-do-ceara-entrega-medalha-da-abolicao-2020-2022-a-nove-agraciados","status":"publish","type":"post","link":"https:\/\/blogdorogeriogomes.com.br\/noticias\/2022\/03\/governo-do-ceara-entrega-medalha-da-abolicao-2020-2022-a-nove-agraciados\/","title":{"rendered":"Governo do Cear\u00e1 entrega Medalha da Aboli\u00e7\u00e3o 2020-2022 a nove agraciados"},"content":{"rendered":"\n<p>O Governo do Cear\u00e1 entregou a Medalha da Aboli\u00e7\u00e3o, mais alta distin\u00e7\u00e3o do Estado, a oito personalidades e a uma iniciativa cearense, em solenidade realizada no Pal\u00e1cio da Aboli\u00e7\u00e3o, em Fortaleza. A entrega tamb\u00e9m marca a retomada da cerim\u00f4nia ap\u00f3s dois anos de suspens\u00e3o por conta da pandemia da covid-19.<\/p>\n\n\n\n<p>A Medalha da Aboli\u00e7\u00e3o foi concedida em reconhecimento \u00e0s trajet\u00f3rias e contribui\u00e7\u00f5es de: Maria do Perp\u00e9tuo Socorro Fran\u00e7a Pinto, ex-procuradora-geral de Justi\u00e7a do Cear\u00e1 e titular da Secretaria de Prote\u00e7\u00e3o Social, Justi\u00e7a, Cidadania, Mulheres e Direitos Humanos; Espedito Seleiro (Espedito Veloso de Carvalho), artes\u00e3o e Mestre da Cultura do Cear\u00e1; Maria Nailde Pinheiro Nogueira, desembargadora e presidente do Tribunal de Justi\u00e7a do Cear\u00e1; Tom Cavalcante (Ant\u00f4nio Jos\u00e9 Rodrigues Cavalcante), humorista, ator, apresentador, radialista e dublador; Capacete Elmo, inova\u00e7\u00e3o cearense utilizada no tratamento de pacientes com covid-19; Preto Zez\u00e9 (Francisco Jos\u00e9 Pereira de Lima), presidente da Central \u00danica das Favelas, empreendedor, produtor cultural e musical; Amandinha (Amanda Lyssa de Oliveira Cris\u00f3stomo), jogadora de futsal, tricampe\u00e3 mundial com a Sele\u00e7\u00e3o Brasileira de Futebol e eleita oito vezes a melhor do mundo na modalidade; Cid Ferreira Gomes, senador da Rep\u00fablica, governador do Cear\u00e1 por oito anos e ministro da Educa\u00e7\u00e3o no governo Dilma Rousseff; Jos\u00e9 Ricardo Montenegro Cavalcante, industrial cearense h\u00e1 34 anos e presidente da Federa\u00e7\u00e3o das Ind\u00fastrias do Cear\u00e1 (Fiec).<\/p>\n\n\n\n<figure class=\"wp-block-image size-large\"><img loading=\"lazy\" decoding=\"async\" width=\"1024\" height=\"683\" src=\"https:\/\/blogdorogeriogomes.com.br\/wp-content\/uploads\/2022\/03\/220325_MEDALHA-DA-ABOLICAO_ARI0677-1200x800-1-1024x683.jpeg\" alt=\"\" class=\"wp-image-24820\" srcset=\"https:\/\/blogdorogeriogomes.com.br\/noticias\/wp-content\/uploads\/2022\/03\/220325_MEDALHA-DA-ABOLICAO_ARI0677-1200x800-1-1024x683.jpeg 1024w, https:\/\/blogdorogeriogomes.com.br\/noticias\/wp-content\/uploads\/2022\/03\/220325_MEDALHA-DA-ABOLICAO_ARI0677-1200x800-1-300x200.jpeg 300w, https:\/\/blogdorogeriogomes.com.br\/noticias\/wp-content\/uploads\/2022\/03\/220325_MEDALHA-DA-ABOLICAO_ARI0677-1200x800-1-768x512.jpeg 768w, https:\/\/blogdorogeriogomes.com.br\/noticias\/wp-content\/uploads\/2022\/03\/220325_MEDALHA-DA-ABOLICAO_ARI0677-1200x800-1-800x533.jpeg 800w, https:\/\/blogdorogeriogomes.com.br\/noticias\/wp-content\/uploads\/2022\/03\/220325_MEDALHA-DA-ABOLICAO_ARI0677-1200x800-1.jpeg 1200w\" sizes=\"auto, (max-width: 1024px) 100vw, 1024px\" \/><\/figure>\n","protected":false},"excerpt":{"rendered":"<p>O Governo do Cear\u00e1 entregou a Medalha da Aboli\u00e7\u00e3o, mais alta distin\u00e7\u00e3o do Estado, a oito personalidades e a uma iniciativa cearense, em solenidade realizada no Pal\u00e1cio da Aboli\u00e7\u00e3o, em Fortaleza. A entrega tamb\u00e9m marca a retomada da cerim\u00f4nia ap\u00f3s dois anos de suspens\u00e3o por conta da pandemia da covid-19. A Medalha da Aboli\u00e7\u00e3o foi concedida em reconhecimento \u00e0s trajet\u00f3rias e contribui\u00e7\u00f5es de: Maria do Perp\u00e9tuo Socorro Fran\u00e7a Pinto, ex-procuradora-geral de Justi\u00e7a do Cear\u00e1 e titular da Secretaria de&hellip;<\/p>\n","protected":false},"author":1,"featured_media":24820,"comment_status":"open","ping_status":"open","sticky":false,"template":"","format":"standard","meta":{"footnotes":""},"categories":[1],"tags":[],"class_list":["post-24819","post","type-post","status-publish","format-standard","has-post-thumbnail","hentry","category-noticias"],"_links":{"self":[{"href":"https:\/\/blogdorogeriogomes.com.br\/noticias\/wp-json\/wp\/v2\/posts\/24819","targetHints":{"allow":["GET"]}}],"collection":[{"href":"https:\/\/blogdorogeriogomes.com.br\/noticias\/wp-json\/wp\/v2\/posts"}],"about":[{"href":"https:\/\/blogdorogeriogomes.com.br\/noticias\/wp-json\/wp\/v2\/types\/post"}],"author":[{"embeddable":true,"href":"https:\/\/blogdorogeriogomes.com.br\/noticias\/wp-json\/wp\/v2\/users\/1"}],"replies":[{"embeddable":true,"href":"https:\/\/blogdorogeriogomes.com.br\/noticias\/wp-json\/wp\/v2\/comments?post=24819"}],"version-history":[{"count":1,"href":"https:\/\/blogdorogeriogomes.com.br\/noticias\/wp-json\/wp\/v2\/posts\/24819\/revisions"}],"predecessor-version":[{"id":24821,"href":"https:\/\/blogdorogeriogomes.com.br\/noticias\/wp-json\/wp\/v2\/posts\/24819\/revisions\/24821"}],"wp:featuredmedia":[{"embeddable":true,"href":"https:\/\/blogdorogeriogomes.com.br\/noticias\/wp-json\/wp\/v2\/media\/24820"}],"wp:attachment":[{"href":"https:\/\/blogdorogeriogomes.com.br\/noticias\/wp-json\/wp\/v2\/media?parent=24819"}],"wp:term":[{"taxonomy":"category","embeddable":true,"href":"https:\/\/blogdorogeriogomes.com.br\/noticias\/wp-json\/wp\/v2\/categories?post=24819"},{"taxonomy":"post_tag","embeddable":true,"href":"https:\/\/blogdorogeriogomes.com.br\/noticias\/wp-json\/wp\/v2\/tags?post=24819"}],"curies":[{"name":"wp","href":"https:\/\/api.w.org\/{rel}","templated":true}]}}